{"id":8843,"date":"2023-06-06T15:46:03","date_gmt":"2023-06-06T12:46:03","guid":{"rendered":"https:\/\/pbjss.edu.lv\/?p=8843"},"modified":"2023-11-04T20:31:39","modified_gmt":"2023-11-04T18:31:39","slug":"jauno-vieglatletu-starti-bernu-festivala-vieglatletika-jelgava","status":"publish","type":"post","link":"https:\/\/pbjss.edu.lv\/en\/jauno-vieglatletu-starti-bernu-festivala-vieglatletika-jelgava\/","title":{"rendered":"Jauno vieglatl\u0113tu starti \u201cB\u0113rnu festiv\u0101la vieglatl\u0113tik\u0101\u201d Jelgav\u0101"},"content":{"rendered":"<div class=\"style-342 style-local-8843-c1 position-relative\" data-colibri-id=\"8843-c1\">\r\n<div id=\"initial-content\" class=\"h-section h-section-global-spacing d-flex align-items-lg-center align-items-md-center align-items-center style-343 style-local-8843-c2 position-relative\" data-colibri-component=\"section\" data-colibri-id=\"8843-c2\">\r\n<div class=\"h-section-grid-container h-section-boxed-container\">\r\n<div class=\"h-row-container gutters-row-lg-2 gutters-row-md-2 gutters-row-0 gutters-row-v-lg-2 gutters-row-v-md-2 gutters-row-v-2 style-344 style-local-8843-c3 position-relative\" data-colibri-id=\"8843-c3\">\r\n<div class=\"h-row justify-content-lg-center justify-content-md-center justify-content-center align-items-lg-stretch align-items-md-stretch align-items-stretch gutters-col-lg-2 gutters-col-md-2 gutters-col-0 gutters-col-v-lg-2 gutters-col-v-md-2 gutters-col-v-2\">\r\n<div class=\"h-column h-column-container d-flex h-col-lg-auto h-col-md-auto h-col-auto style-345-outer style-local-8843-c4-outer\">\r\n<div class=\"d-flex h-flex-basis h-column__inner h-px-lg-2 h-px-md-2 h-px-2 v-inner-lg-2 v-inner-md-2 v-inner-2 style-345 style-local-8843-c4 position-relative\" data-colibri-id=\"8843-c4\">\r\n<div class=\"w-100 h-y-container h-column__content h-column__v-align flex-basis-100 align-self-lg-start align-self-md-start align-self-start\">\r\n<div class=\"style-346 style-local-8843-c5 position-relative h-element\" data-colibri-id=\"8843-c5\">\r\n<div>Prei\u013cu novada B\u0113rnu un jaunie\u0161u sporta skolas vieglatl\u0113ti piedal\u012bj\u0101s\u00a0 1. j\u016bnij\u0101- \u201cB\u0112RNU FESTIV\u0100LS VIEGLATL\u0112TIK\u0100\u201d U14 un U12 vecuma grup\u0101m\u201d, kuras norisin\u0101j\u0101s Zemgales Olimpisk\u0101 centra J\u0101\u0146a L\u016b\u0161a stadion\u0101 Jelgav\u0101. Sacens\u012bbas piedal\u012bj\u0101s un par meda\u013c\u0101m c\u012bn\u012bj\u0101s divdesmit tr\u012bs sporta skolas . Kop\u0101 start\u0113ja 546 sportisti. No Prei\u013cu novada B\u0113rnu un jaunie\u0161u sporta skolas piedal\u012bj\u0101s 11 sportisti. Lieliskus rezult\u0101tus un lielu c\u012b\u0146as sparu par\u0101d\u012bja no m\u016bsu sporta skolas U12 grup\u0101 audz\u0113knis &#8211;\u00a0 <strong>D\u0100VIDS STUP\u0100NS,<\/strong> kas sacens\u012bb\u0101s izc\u012bn\u012bja tr\u012bs pirm\u0101s vietas<strong>. <\/strong>D\u0101vids start\u0113ja augstl\u0113k\u0161an\u0101, t\u0101ll\u0113k\u0161an\u0101 un 300m, div\u0101s discipl\u012bnas uzr\u0101d\u012bja divus person\u012bgos rezult\u0101tus augstl\u0113k\u0161an\u0101 (1m41) un t\u0101ll\u0113k\u0161an\u0101 \u00a0(4m28cm), 300m\u00a0 rez. 52.86. Sporta skolas 7 sportisti sacens\u012bb\u0101s Jelgav\u0101 sasniedza savus person\u012bgos rekordus:\u00a0 El\u012bna Bu\u0137e U12- 600m (2:09,50), Arnis Pok\u0161\u0101ns U14\u2013tall\u0113k\u0161an\u0101 (4m34cm), Daniels Akmans\r\nU14- 300m(51,20), t\u0101ll\u0113k\u0161an\u0101\u00a0 (4m06cm)\/60m(9,14), D\u0101vids Bern\u0101ns U14-60m (9,43), Daniela Kuzmenko U14- 600m (2:03,10), Tatjana Ivanova U14- 600m(2:07,60), \u0112rika Some U14 \u2013 300m (50,66), 60m\/b(10,24).<strong><em>Sveicam trenerus un audz\u0113k\u0146us ar sasniegumiem!<\/em><\/strong><em>Prei\u013cu novada BJSS vieglatl\u0113tikas noda\u013cas trenere<\/em>\r\n\r\n<em>L\u0101sma Gr\u012bnberga<\/em>\r\n\r\n<\/div>\r\n<\/div>\r\n<\/div>\r\n<\/div>\r\n<\/div>\r\n<\/div>\r\n<\/div>\r\n<\/div>\r\n<\/div>\r\n<div id=\"content-2\" class=\"h-section h-section-global-spacing d-flex align-items-lg-center align-items-md-center align-items-center style-365 style-local-8843-c24 position-relative\" data-colibri-component=\"section\" data-colibri-id=\"8843-c24\">\r\n<div class=\"h-section-grid-container h-section-boxed-container\">\r\n<div class=\"h-row-container gutters-row-lg-2 gutters-row-md-2 gutters-row-2 gutters-row-v-lg-2 gutters-row-v-md-2 gutters-row-v-2 style-366 style-local-8843-c25 position-relative\" data-colibri-id=\"8843-c25\">\r\n<div class=\"h-row justify-content-lg-center justify-content-md-center justify-content-center align-items-lg-stretch align-items-md-stretch align-items-stretch gutters-col-lg-2 gutters-col-md-2 gutters-col-2 gutters-col-v-lg-2 gutters-col-v-md-2 gutters-col-v-2\">\r\n<div class=\"h-column h-column-container d-flex h-col-lg-auto h-col-md-auto h-col-auto style-372-outer style-local-8843-c31-outer\">\r\n<div class=\"d-flex h-flex-basis h-column__inner h-px-lg-0 h-px-md-2 h-px-0 v-inner-lg-0 v-inner-md-2 v-inner-0 style-372 style-local-8843-c31 position-relative\" data-colibri-id=\"8843-c31\">\r\n<div class=\"w-100 h-y-container h-column__content h-column__v-align flex-basis-100 align-self-lg-center align-self-md-center align-self-center\">\r\n<div class=\"d-block style-373 style-local-8843-c32 position-relative h-element\" data-colibri-id=\"8843-c32\">\r\n<div class=\"h-image__frame-container-outer\">\r\n<div class=\"h-image__frame-container\">\r\n<div class=\"h-image__frame h-hide-sm style-373-frameImage style-local-8843-c32-frameImage\"><\/div>\r\n<\/div>\r\n<\/div>\r\n<\/div>\r\n<\/div>\r\n<\/div>\r\n<\/div>\r\n<\/div>\r\n<\/div>\r\n<\/div>\r\n<\/div>\r\n<\/div>","protected":false},"excerpt":{"rendered":"<p>Prei\u013cu novada B\u0113rnu un jaunie\u0161u sporta skolas vieglatl\u0113ti piedal\u012bj\u0101s\u00a0 1. j\u016bnij\u0101- \u201cB\u0112RNU FESTIV\u0100LS VIEGLATL\u0112TIK\u0100\u201d U14 un U12 vecuma grup\u0101m\u201d, kuras norisin\u0101j\u0101s Zemgales Olimpisk\u0101 centra J\u0101\u0146a L\u016b\u0161a stadion\u0101 Jelgav\u0101. Sacens\u012bbas piedal\u012bj\u0101s [&hellip;]<\/p>\n","protected":false},"author":2,"featured_media":8838,"comment_status":"closed","ping_status":"open","sticky":false,"template":"","format":"standard","meta":{"_acf_changed":false,"footnotes":""},"categories":[15],"tags":[],"class_list":["post-8843","post","type-post","status-publish","format-standard","has-post-thumbnail","hentry","category-jaunumi"],"acf":[],"yoast_head":"<!-- This site is optimized with the Yoast SEO plugin v27.5 - https:\/\/yoast.com\/product\/yoast-seo-wordpress\/ -->\n<title>Jauno vieglatl\u0113tu starti \u201cB\u0113rnu festiv\u0101la vieglatl\u0113tik\u0101\u201d Jelgav\u0101<\/title>\n<meta name=\"robots\" content=\"index, follow, max-snippet:-1, max-image-preview:large, max-video-preview:-1\" \/>\n<link rel=\"canonical\" href=\"https:\/\/pbjss.edu.lv\/en\/jauno-vieglatletu-starti-bernu-festivala-vieglatletika-jelgava\/\" \/>\n<meta property=\"og:locale\" content=\"en_GB\" \/>\n<meta property=\"og:type\" content=\"article\" \/>\n<meta property=\"og:title\" content=\"Jauno vieglatl\u0113tu starti \u201cB\u0113rnu festiv\u0101la vieglatl\u0113tik\u0101\u201d Jelgav\u0101\" \/>\n<meta property=\"og:description\" content=\"Prei\u013cu novada B\u0113rnu un jaunie\u0161u sporta skolas vieglatl\u0113ti piedal\u012bj\u0101s\u00a0 1. j\u016bnij\u0101- \u201cB\u0112RNU FESTIV\u0100LS VIEGLATL\u0112TIK\u0100\u201d U14 un U12 vecuma grup\u0101m\u201d, kuras norisin\u0101j\u0101s Zemgales Olimpisk\u0101 centra J\u0101\u0146a L\u016b\u0161a stadion\u0101 Jelgav\u0101. Sacens\u012bbas piedal\u012bj\u0101s [&hellip;]\" \/>\n<meta property=\"og:url\" content=\"https:\/\/pbjss.edu.lv\/en\/jauno-vieglatletu-starti-bernu-festivala-vieglatletika-jelgava\/\" \/>\n<meta property=\"og:site_name\" content=\"Prei\u013cu novada b\u0113rnu un jaunie\u0161u sporta skola\" \/>\n<meta property=\"article:publisher\" content=\"https:\/\/www.facebook.com\/pbjss\/?eid=ARAe9wQ7MGM0FQFTVX7QEebpfAfe5hv7HvoN-v1Jv13lgtTNi-DDzJx16PrauJn_wRTcN6k13xTyjf4n\" \/>\n<meta property=\"article:published_time\" content=\"2023-06-06T12:46:03+00:00\" \/>\n<meta property=\"article:modified_time\" content=\"2023-11-04T18:31:39+00:00\" \/>\n<meta property=\"og:image\" content=\"https:\/\/pbjss.edu.lv\/wp-content\/uploads\/aizvadits-eiropas-judzes-skrejiens-preilu-parka\/20230531_judze_1-scaled.jpg\" \/>\n\t<meta property=\"og:image:width\" content=\"2560\" \/>\n\t<meta property=\"og:image:height\" content=\"1439\" \/>\n\t<meta property=\"og:image:type\" content=\"image\/jpeg\" \/>\n<meta name=\"author\" content=\"Bjss\" \/>\n<meta name=\"twitter:card\" content=\"summary_large_image\" \/>\n<meta name=\"twitter:label1\" content=\"Written by\" \/>\n\t<meta name=\"twitter:data1\" content=\"Bjss\" \/>\n\t<meta name=\"twitter:label2\" content=\"Estimated reading time\" \/>\n\t<meta name=\"twitter:data2\" content=\"1 minute\" \/>\n<script type=\"application\/ld+json\" class=\"yoast-schema-graph\">{\"@context\":\"https:\\\/\\\/schema.org\",\"@graph\":[{\"@type\":\"Article\",\"@id\":\"https:\\\/\\\/pbjss.edu.lv\\\/jauno-vieglatletu-starti-bernu-festivala-vieglatletika-jelgava\\\/#article\",\"isPartOf\":{\"@id\":\"https:\\\/\\\/pbjss.edu.lv\\\/jauno-vieglatletu-starti-bernu-festivala-vieglatletika-jelgava\\\/\"},\"author\":{\"name\":\"Bjss\",\"@id\":\"https:\\\/\\\/pbjss.edu.lv\\\/#\\\/schema\\\/person\\\/673500925eb2fbb01416cad4a44be9f7\"},\"headline\":\"Jauno vieglatl\u0113tu starti \u201cB\u0113rnu festiv\u0101la vieglatl\u0113tik\u0101\u201d Jelgav\u0101\",\"datePublished\":\"2023-06-06T12:46:03+00:00\",\"dateModified\":\"2023-11-04T18:31:39+00:00\",\"mainEntityOfPage\":{\"@id\":\"https:\\\/\\\/pbjss.edu.lv\\\/jauno-vieglatletu-starti-bernu-festivala-vieglatletika-jelgava\\\/\"},\"wordCount\":250,\"image\":{\"@id\":\"https:\\\/\\\/pbjss.edu.lv\\\/jauno-vieglatletu-starti-bernu-festivala-vieglatletika-jelgava\\\/#primaryimage\"},\"thumbnailUrl\":\"https:\\\/\\\/pbjss.edu.lv\\\/wp-content\\\/uploads\\\/aizvadits-eiropas-judzes-skrejiens-preilu-parka\\\/20230531_judze_1-scaled.jpg\",\"articleSection\":[\"Jaunumi\"],\"inLanguage\":\"en-GB\"},{\"@type\":\"WebPage\",\"@id\":\"https:\\\/\\\/pbjss.edu.lv\\\/jauno-vieglatletu-starti-bernu-festivala-vieglatletika-jelgava\\\/\",\"url\":\"https:\\\/\\\/pbjss.edu.lv\\\/jauno-vieglatletu-starti-bernu-festivala-vieglatletika-jelgava\\\/\",\"name\":\"Jauno vieglatl\u0113tu starti \u201cB\u0113rnu festiv\u0101la vieglatl\u0113tik\u0101\u201d Jelgav\u0101\",\"isPartOf\":{\"@id\":\"https:\\\/\\\/pbjss.edu.lv\\\/#website\"},\"primaryImageOfPage\":{\"@id\":\"https:\\\/\\\/pbjss.edu.lv\\\/jauno-vieglatletu-starti-bernu-festivala-vieglatletika-jelgava\\\/#primaryimage\"},\"image\":{\"@id\":\"https:\\\/\\\/pbjss.edu.lv\\\/jauno-vieglatletu-starti-bernu-festivala-vieglatletika-jelgava\\\/#primaryimage\"},\"thumbnailUrl\":\"https:\\\/\\\/pbjss.edu.lv\\\/wp-content\\\/uploads\\\/aizvadits-eiropas-judzes-skrejiens-preilu-parka\\\/20230531_judze_1-scaled.jpg\",\"datePublished\":\"2023-06-06T12:46:03+00:00\",\"dateModified\":\"2023-11-04T18:31:39+00:00\",\"author\":{\"@id\":\"https:\\\/\\\/pbjss.edu.lv\\\/#\\\/schema\\\/person\\\/673500925eb2fbb01416cad4a44be9f7\"},\"breadcrumb\":{\"@id\":\"https:\\\/\\\/pbjss.edu.lv\\\/jauno-vieglatletu-starti-bernu-festivala-vieglatletika-jelgava\\\/#breadcrumb\"},\"inLanguage\":\"en-GB\",\"potentialAction\":[{\"@type\":\"ReadAction\",\"target\":[\"https:\\\/\\\/pbjss.edu.lv\\\/jauno-vieglatletu-starti-bernu-festivala-vieglatletika-jelgava\\\/\"]}]},{\"@type\":\"ImageObject\",\"inLanguage\":\"en-GB\",\"@id\":\"https:\\\/\\\/pbjss.edu.lv\\\/jauno-vieglatletu-starti-bernu-festivala-vieglatletika-jelgava\\\/#primaryimage\",\"url\":\"https:\\\/\\\/pbjss.edu.lv\\\/wp-content\\\/uploads\\\/aizvadits-eiropas-judzes-skrejiens-preilu-parka\\\/20230531_judze_1-scaled.jpg\",\"contentUrl\":\"https:\\\/\\\/pbjss.edu.lv\\\/wp-content\\\/uploads\\\/aizvadits-eiropas-judzes-skrejiens-preilu-parka\\\/20230531_judze_1-scaled.jpg\",\"width\":2560,\"height\":1439},{\"@type\":\"BreadcrumbList\",\"@id\":\"https:\\\/\\\/pbjss.edu.lv\\\/jauno-vieglatletu-starti-bernu-festivala-vieglatletika-jelgava\\\/#breadcrumb\",\"itemListElement\":[{\"@type\":\"ListItem\",\"position\":1,\"name\":\"Home\",\"item\":\"https:\\\/\\\/pbjss.edu.lv\\\/\"},{\"@type\":\"ListItem\",\"position\":2,\"name\":\"Jauno vieglatl\u0113tu starti \u201cB\u0113rnu festiv\u0101la vieglatl\u0113tik\u0101\u201d Jelgav\u0101\"}]},{\"@type\":\"WebSite\",\"@id\":\"https:\\\/\\\/pbjss.edu.lv\\\/#website\",\"url\":\"https:\\\/\\\/pbjss.edu.lv\\\/\",\"name\":\"Prei\u013cu novada b\u0113rnu un jaunie\u0161u sporta skola\",\"description\":\"Augst\u0101k, t\u0101l\u0101k, stipr\u0101k!\",\"potentialAction\":[{\"@type\":\"SearchAction\",\"target\":{\"@type\":\"EntryPoint\",\"urlTemplate\":\"https:\\\/\\\/pbjss.edu.lv\\\/?s={search_term_string}\"},\"query-input\":{\"@type\":\"PropertyValueSpecification\",\"valueRequired\":true,\"valueName\":\"search_term_string\"}}],\"inLanguage\":\"en-GB\"},{\"@type\":\"Person\",\"@id\":\"https:\\\/\\\/pbjss.edu.lv\\\/#\\\/schema\\\/person\\\/673500925eb2fbb01416cad4a44be9f7\",\"name\":\"Bjss\",\"image\":{\"@type\":\"ImageObject\",\"inLanguage\":\"en-GB\",\"@id\":\"https:\\\/\\\/secure.gravatar.com\\\/avatar\\\/41520995a420163723678647f92d22a050ef556c35cdb598ea5659b018a440f8?s=96&d=mm&r=g\",\"url\":\"https:\\\/\\\/secure.gravatar.com\\\/avatar\\\/41520995a420163723678647f92d22a050ef556c35cdb598ea5659b018a440f8?s=96&d=mm&r=g\",\"contentUrl\":\"https:\\\/\\\/secure.gravatar.com\\\/avatar\\\/41520995a420163723678647f92d22a050ef556c35cdb598ea5659b018a440f8?s=96&d=mm&r=g\",\"caption\":\"Bjss\"},\"url\":\"https:\\\/\\\/pbjss.edu.lv\\\/en\\\/author\\\/ivars\\\/\"}]}<\/script>\n<!-- \/ Yoast SEO plugin. -->","yoast_head_json":{"title":"Jauno vieglatl\u0113tu starti \u201cB\u0113rnu festiv\u0101la vieglatl\u0113tik\u0101\u201d Jelgav\u0101","robots":{"index":"index","follow":"follow","max-snippet":"max-snippet:-1","max-image-preview":"max-image-preview:large","max-video-preview":"max-video-preview:-1"},"canonical":"https:\/\/pbjss.edu.lv\/en\/jauno-vieglatletu-starti-bernu-festivala-vieglatletika-jelgava\/","og_locale":"en_GB","og_type":"article","og_title":"Jauno vieglatl\u0113tu starti \u201cB\u0113rnu festiv\u0101la vieglatl\u0113tik\u0101\u201d Jelgav\u0101","og_description":"Prei\u013cu novada B\u0113rnu un jaunie\u0161u sporta skolas vieglatl\u0113ti piedal\u012bj\u0101s\u00a0 1. j\u016bnij\u0101- \u201cB\u0112RNU FESTIV\u0100LS VIEGLATL\u0112TIK\u0100\u201d U14 un U12 vecuma grup\u0101m\u201d, kuras norisin\u0101j\u0101s Zemgales Olimpisk\u0101 centra J\u0101\u0146a L\u016b\u0161a stadion\u0101 Jelgav\u0101. Sacens\u012bbas piedal\u012bj\u0101s [&hellip;]","og_url":"https:\/\/pbjss.edu.lv\/en\/jauno-vieglatletu-starti-bernu-festivala-vieglatletika-jelgava\/","og_site_name":"Prei\u013cu novada b\u0113rnu un jaunie\u0161u sporta skola","article_publisher":"https:\/\/www.facebook.com\/pbjss\/?eid=ARAe9wQ7MGM0FQFTVX7QEebpfAfe5hv7HvoN-v1Jv13lgtTNi-DDzJx16PrauJn_wRTcN6k13xTyjf4n","article_published_time":"2023-06-06T12:46:03+00:00","article_modified_time":"2023-11-04T18:31:39+00:00","og_image":[{"width":2560,"height":1439,"url":"https:\/\/pbjss.edu.lv\/wp-content\/uploads\/aizvadits-eiropas-judzes-skrejiens-preilu-parka\/20230531_judze_1-scaled.jpg","type":"image\/jpeg"}],"author":"Bjss","twitter_card":"summary_large_image","twitter_misc":{"Written by":"Bjss","Estimated reading time":"1 minute"},"schema":{"@context":"https:\/\/schema.org","@graph":[{"@type":"Article","@id":"https:\/\/pbjss.edu.lv\/jauno-vieglatletu-starti-bernu-festivala-vieglatletika-jelgava\/#article","isPartOf":{"@id":"https:\/\/pbjss.edu.lv\/jauno-vieglatletu-starti-bernu-festivala-vieglatletika-jelgava\/"},"author":{"name":"Bjss","@id":"https:\/\/pbjss.edu.lv\/#\/schema\/person\/673500925eb2fbb01416cad4a44be9f7"},"headline":"Jauno vieglatl\u0113tu starti \u201cB\u0113rnu festiv\u0101la vieglatl\u0113tik\u0101\u201d Jelgav\u0101","datePublished":"2023-06-06T12:46:03+00:00","dateModified":"2023-11-04T18:31:39+00:00","mainEntityOfPage":{"@id":"https:\/\/pbjss.edu.lv\/jauno-vieglatletu-starti-bernu-festivala-vieglatletika-jelgava\/"},"wordCount":250,"image":{"@id":"https:\/\/pbjss.edu.lv\/jauno-vieglatletu-starti-bernu-festivala-vieglatletika-jelgava\/#primaryimage"},"thumbnailUrl":"https:\/\/pbjss.edu.lv\/wp-content\/uploads\/aizvadits-eiropas-judzes-skrejiens-preilu-parka\/20230531_judze_1-scaled.jpg","articleSection":["Jaunumi"],"inLanguage":"en-GB"},{"@type":"WebPage","@id":"https:\/\/pbjss.edu.lv\/jauno-vieglatletu-starti-bernu-festivala-vieglatletika-jelgava\/","url":"https:\/\/pbjss.edu.lv\/jauno-vieglatletu-starti-bernu-festivala-vieglatletika-jelgava\/","name":"Jauno vieglatl\u0113tu starti \u201cB\u0113rnu festiv\u0101la vieglatl\u0113tik\u0101\u201d Jelgav\u0101","isPartOf":{"@id":"https:\/\/pbjss.edu.lv\/#website"},"primaryImageOfPage":{"@id":"https:\/\/pbjss.edu.lv\/jauno-vieglatletu-starti-bernu-festivala-vieglatletika-jelgava\/#primaryimage"},"image":{"@id":"https:\/\/pbjss.edu.lv\/jauno-vieglatletu-starti-bernu-festivala-vieglatletika-jelgava\/#primaryimage"},"thumbnailUrl":"https:\/\/pbjss.edu.lv\/wp-content\/uploads\/aizvadits-eiropas-judzes-skrejiens-preilu-parka\/20230531_judze_1-scaled.jpg","datePublished":"2023-06-06T12:46:03+00:00","dateModified":"2023-11-04T18:31:39+00:00","author":{"@id":"https:\/\/pbjss.edu.lv\/#\/schema\/person\/673500925eb2fbb01416cad4a44be9f7"},"breadcrumb":{"@id":"https:\/\/pbjss.edu.lv\/jauno-vieglatletu-starti-bernu-festivala-vieglatletika-jelgava\/#breadcrumb"},"inLanguage":"en-GB","potentialAction":[{"@type":"ReadAction","target":["https:\/\/pbjss.edu.lv\/jauno-vieglatletu-starti-bernu-festivala-vieglatletika-jelgava\/"]}]},{"@type":"ImageObject","inLanguage":"en-GB","@id":"https:\/\/pbjss.edu.lv\/jauno-vieglatletu-starti-bernu-festivala-vieglatletika-jelgava\/#primaryimage","url":"https:\/\/pbjss.edu.lv\/wp-content\/uploads\/aizvadits-eiropas-judzes-skrejiens-preilu-parka\/20230531_judze_1-scaled.jpg","contentUrl":"https:\/\/pbjss.edu.lv\/wp-content\/uploads\/aizvadits-eiropas-judzes-skrejiens-preilu-parka\/20230531_judze_1-scaled.jpg","width":2560,"height":1439},{"@type":"BreadcrumbList","@id":"https:\/\/pbjss.edu.lv\/jauno-vieglatletu-starti-bernu-festivala-vieglatletika-jelgava\/#breadcrumb","itemListElement":[{"@type":"ListItem","position":1,"name":"Home","item":"https:\/\/pbjss.edu.lv\/"},{"@type":"ListItem","position":2,"name":"Jauno vieglatl\u0113tu starti \u201cB\u0113rnu festiv\u0101la vieglatl\u0113tik\u0101\u201d Jelgav\u0101"}]},{"@type":"WebSite","@id":"https:\/\/pbjss.edu.lv\/#website","url":"https:\/\/pbjss.edu.lv\/","name":"Prei\u013cu novada b\u0113rnu un jaunie\u0161u sporta skola","description":"Augst\u0101k, t\u0101l\u0101k, stipr\u0101k!","potentialAction":[{"@type":"SearchAction","target":{"@type":"EntryPoint","urlTemplate":"https:\/\/pbjss.edu.lv\/?s={search_term_string}"},"query-input":{"@type":"PropertyValueSpecification","valueRequired":true,"valueName":"search_term_string"}}],"inLanguage":"en-GB"},{"@type":"Person","@id":"https:\/\/pbjss.edu.lv\/#\/schema\/person\/673500925eb2fbb01416cad4a44be9f7","name":"Bjss","image":{"@type":"ImageObject","inLanguage":"en-GB","@id":"https:\/\/secure.gravatar.com\/avatar\/41520995a420163723678647f92d22a050ef556c35cdb598ea5659b018a440f8?s=96&d=mm&r=g","url":"https:\/\/secure.gravatar.com\/avatar\/41520995a420163723678647f92d22a050ef556c35cdb598ea5659b018a440f8?s=96&d=mm&r=g","contentUrl":"https:\/\/secure.gravatar.com\/avatar\/41520995a420163723678647f92d22a050ef556c35cdb598ea5659b018a440f8?s=96&d=mm&r=g","caption":"Bjss"},"url":"https:\/\/pbjss.edu.lv\/en\/author\/ivars\/"}]}},"_links":{"self":[{"href":"https:\/\/pbjss.edu.lv\/en\/wp-json\/wp\/v2\/posts\/8843","targetHints":{"allow":["GET"]}}],"collection":[{"href":"https:\/\/pbjss.edu.lv\/en\/wp-json\/wp\/v2\/posts"}],"about":[{"href":"https:\/\/pbjss.edu.lv\/en\/wp-json\/wp\/v2\/types\/post"}],"author":[{"embeddable":true,"href":"https:\/\/pbjss.edu.lv\/en\/wp-json\/wp\/v2\/users\/2"}],"replies":[{"embeddable":true,"href":"https:\/\/pbjss.edu.lv\/en\/wp-json\/wp\/v2\/comments?post=8843"}],"version-history":[{"count":20,"href":"https:\/\/pbjss.edu.lv\/en\/wp-json\/wp\/v2\/posts\/8843\/revisions"}],"predecessor-version":[{"id":11390,"href":"https:\/\/pbjss.edu.lv\/en\/wp-json\/wp\/v2\/posts\/8843\/revisions\/11390"}],"wp:featuredmedia":[{"embeddable":true,"href":"https:\/\/pbjss.edu.lv\/en\/wp-json\/wp\/v2\/media\/8838"}],"wp:attachment":[{"href":"https:\/\/pbjss.edu.lv\/en\/wp-json\/wp\/v2\/media?parent=8843"}],"wp:term":[{"taxonomy":"category","embeddable":true,"href":"https:\/\/pbjss.edu.lv\/en\/wp-json\/wp\/v2\/categories?post=8843"},{"taxonomy":"post_tag","embeddable":true,"href":"https:\/\/pbjss.edu.lv\/en\/wp-json\/wp\/v2\/tags?post=8843"}],"curies":[{"name":"wp","href":"https:\/\/api.w.org\/{rel}","templated":true}]}}