{"id":6726,"date":"2022-02-22T07:12:58","date_gmt":"2022-02-22T05:12:58","guid":{"rendered":"https:\/\/pbjss.edu.lv\/?p=6726"},"modified":"2022-02-22T07:12:58","modified_gmt":"2022-02-22T05:12:58","slug":"preilu-novada-zemledus-makskernieki-startes-pasaules-cempionata","status":"publish","type":"post","link":"https:\/\/pbjss.edu.lv\/en\/preilu-novada-zemledus-makskernieki-startes-pasaules-cempionata\/","title":{"rendered":"Prei\u013cu novada zemledus mak\u0161\u0137ernieki start\u0113s pasaules \u010dempion\u0101t\u0101"},"content":{"rendered":"<p>Prei\u013cu novada zemledus mak\u0161\u0137ernieki ir iek\u013cuvu\u0161i Latvijas izlas\u0113 un 18. febru\u0101r\u012b dosies start\u0113t uz pasaules \u010dempion\u0101tu, kur\u0161 notiks net\u0101lu no \u0160au\u013ciem (Lietuva), Rekyva ezer\u0101.<\/p>\n<p>Prei\u013cu novada apvienot\u0101 zemledus mak\u0161\u0137ernieku komanda: M\u0101ris \u0100ri\u0146\u0161 \u2013 Aglona, Sandis Gribu\u0161ka \u2013 Pel\u0113\u010di, Aldis Kalv\u0101ns \u2013 Prei\u013ci un Aldis Trimalnieks \u2013 Jaunaglona \u0161ogad start\u0113 Latvijas \u010dempion\u0101t\u0101. P\u0113s aizvad\u012btajiem diviem posmiem, kuri notika Balvos un J\u0113kabpil\u012b, Prei\u013cu novada komanda 15 komandu konkurenc\u0113 ie\u0146em tre\u0161o vietu, bet individu\u0101li M\u0101ris \u0100ri\u0146\u0161 un Sandis Gribu\u0161ka dala otro\/tre\u0161o vietu.<\/p>\n<p>\u0160ie pui\u0161i kop\u0101 v\u0113l ar desmit Latvijas izlases dal\u012bbniekiem tad ar\u012b ir devu\u0161ies uz pasaules \u010dempion\u0101tu Lietuv\u0101, kur v\u0113l ar 11 valstu copma\u0146iem c\u012bn\u012bsies par godalgotaj\u0101m viet\u0101m. Tur\u0113sim \u012bk\u0161\u0137us par m\u016bsu copma\u0146iem!<\/p>\n<p>Visu inform\u0101ciju var atrast LMSF m\u0101jas lap\u0101 un mak\u0161\u0137ernieku port\u0101l\u0101 <a href=\"http:\/\/www.copeslietas.lv\">www.copeslietas.lv<\/a>.<\/p>\n<p>J\u0101piebilst, ka Latvijas \u010dempion\u0101t\u0101 26. un 27. febru\u0101r\u012b tiek pl\u0101nots tre\u0161ais posms.<\/p>\n<p><em>Aglonas pieaugu\u0161o sporta organizators<br \/>\nAndris Kurmis<\/em><\/p>","protected":false},"excerpt":{"rendered":"<p>Prei\u013cu novada zemledus mak\u0161\u0137ernieki ir iek\u013cuvu\u0161i Latvijas izlas\u0113 un 18. febru\u0101r\u012b dosies start\u0113t uz pasaules \u010dempion\u0101tu, kur\u0161 notiks net\u0101lu no \u0160au\u013ciem (Lietuva), Rekyva ezer\u0101. Prei\u013cu novada apvienot\u0101 zemledus mak\u0161\u0137ernieku komanda: [&hellip;]<\/p>\n","protected":false},"author":2,"featured_media":6727,"comment_status":"closed","ping_status":"open","sticky":false,"template":"","format":"standard","meta":{"_acf_changed":false,"footnotes":""},"categories":[15],"tags":[],"class_list":["post-6726","post","type-post","status-publish","format-standard","has-post-thumbnail","hentry","category-jaunumi"],"acf":[],"yoast_head":"<!-- This site is optimized with the Yoast SEO plugin v27.4 - https:\/\/yoast.com\/product\/yoast-seo-wordpress\/ -->\n<title>Prei\u013cu novada zemledus mak\u0161\u0137ernieki start\u0113s pasaules \u010dempion\u0101t\u0101<\/title>\n<meta name=\"robots\" content=\"index, follow, max-snippet:-1, max-image-preview:large, max-video-preview:-1\" \/>\n<link rel=\"canonical\" href=\"https:\/\/pbjss.edu.lv\/en\/preilu-novada-zemledus-makskernieki-startes-pasaules-cempionata\/\" \/>\n<meta property=\"og:locale\" content=\"en_GB\" \/>\n<meta property=\"og:type\" content=\"article\" \/>\n<meta property=\"og:title\" content=\"Prei\u013cu novada zemledus mak\u0161\u0137ernieki start\u0113s pasaules \u010dempion\u0101t\u0101\" \/>\n<meta property=\"og:description\" content=\"Prei\u013cu novada zemledus mak\u0161\u0137ernieki ir iek\u013cuvu\u0161i Latvijas izlas\u0113 un 18. febru\u0101r\u012b dosies start\u0113t uz pasaules \u010dempion\u0101tu, kur\u0161 notiks net\u0101lu no \u0160au\u013ciem (Lietuva), Rekyva ezer\u0101. Prei\u013cu novada apvienot\u0101 zemledus mak\u0161\u0137ernieku komanda: [&hellip;]\" \/>\n<meta property=\"og:url\" content=\"https:\/\/pbjss.edu.lv\/en\/preilu-novada-zemledus-makskernieki-startes-pasaules-cempionata\/\" \/>\n<meta property=\"og:site_name\" content=\"Prei\u013cu novada b\u0113rnu un jaunie\u0161u sporta skola\" \/>\n<meta property=\"article:publisher\" content=\"https:\/\/www.facebook.com\/pbjss\/?eid=ARAe9wQ7MGM0FQFTVX7QEebpfAfe5hv7HvoN-v1Jv13lgtTNi-DDzJx16PrauJn_wRTcN6k13xTyjf4n\" \/>\n<meta property=\"article:published_time\" content=\"2022-02-22T05:12:58+00:00\" \/>\n<meta property=\"og:image\" content=\"https:\/\/pbjss.edu.lv\/wp-content\/uploads\/20220222.jpg\" \/>\n\t<meta property=\"og:image:width\" content=\"1600\" \/>\n\t<meta property=\"og:image:height\" content=\"960\" \/>\n\t<meta property=\"og:image:type\" content=\"image\/jpeg\" \/>\n<meta name=\"author\" content=\"Bjss\" \/>\n<meta name=\"twitter:card\" content=\"summary_large_image\" \/>\n<meta name=\"twitter:label1\" content=\"Written by\" \/>\n\t<meta name=\"twitter:data1\" content=\"Bjss\" \/>\n\t<meta name=\"twitter:label2\" content=\"Estimated reading time\" \/>\n\t<meta name=\"twitter:data2\" content=\"1 minute\" \/>\n<script type=\"application\/ld+json\" class=\"yoast-schema-graph\">{\"@context\":\"https:\\\/\\\/schema.org\",\"@graph\":[{\"@type\":\"Article\",\"@id\":\"https:\\\/\\\/pbjss.edu.lv\\\/preilu-novada-zemledus-makskernieki-startes-pasaules-cempionata\\\/#article\",\"isPartOf\":{\"@id\":\"https:\\\/\\\/pbjss.edu.lv\\\/preilu-novada-zemledus-makskernieki-startes-pasaules-cempionata\\\/\"},\"author\":{\"name\":\"Bjss\",\"@id\":\"https:\\\/\\\/pbjss.edu.lv\\\/#\\\/schema\\\/person\\\/673500925eb2fbb01416cad4a44be9f7\"},\"headline\":\"Prei\u013cu novada zemledus mak\u0161\u0137ernieki start\u0113s pasaules \u010dempion\u0101t\u0101\",\"datePublished\":\"2022-02-22T05:12:58+00:00\",\"mainEntityOfPage\":{\"@id\":\"https:\\\/\\\/pbjss.edu.lv\\\/preilu-novada-zemledus-makskernieki-startes-pasaules-cempionata\\\/\"},\"wordCount\":197,\"image\":{\"@id\":\"https:\\\/\\\/pbjss.edu.lv\\\/preilu-novada-zemledus-makskernieki-startes-pasaules-cempionata\\\/#primaryimage\"},\"thumbnailUrl\":\"https:\\\/\\\/pbjss.edu.lv\\\/wp-content\\\/uploads\\\/20220222.jpg\",\"articleSection\":[\"Jaunumi\"],\"inLanguage\":\"en-GB\"},{\"@type\":\"WebPage\",\"@id\":\"https:\\\/\\\/pbjss.edu.lv\\\/preilu-novada-zemledus-makskernieki-startes-pasaules-cempionata\\\/\",\"url\":\"https:\\\/\\\/pbjss.edu.lv\\\/preilu-novada-zemledus-makskernieki-startes-pasaules-cempionata\\\/\",\"name\":\"Prei\u013cu novada zemledus mak\u0161\u0137ernieki start\u0113s pasaules \u010dempion\u0101t\u0101\",\"isPartOf\":{\"@id\":\"https:\\\/\\\/pbjss.edu.lv\\\/#website\"},\"primaryImageOfPage\":{\"@id\":\"https:\\\/\\\/pbjss.edu.lv\\\/preilu-novada-zemledus-makskernieki-startes-pasaules-cempionata\\\/#primaryimage\"},\"image\":{\"@id\":\"https:\\\/\\\/pbjss.edu.lv\\\/preilu-novada-zemledus-makskernieki-startes-pasaules-cempionata\\\/#primaryimage\"},\"thumbnailUrl\":\"https:\\\/\\\/pbjss.edu.lv\\\/wp-content\\\/uploads\\\/20220222.jpg\",\"datePublished\":\"2022-02-22T05:12:58+00:00\",\"author\":{\"@id\":\"https:\\\/\\\/pbjss.edu.lv\\\/#\\\/schema\\\/person\\\/673500925eb2fbb01416cad4a44be9f7\"},\"breadcrumb\":{\"@id\":\"https:\\\/\\\/pbjss.edu.lv\\\/preilu-novada-zemledus-makskernieki-startes-pasaules-cempionata\\\/#breadcrumb\"},\"inLanguage\":\"en-GB\",\"potentialAction\":[{\"@type\":\"ReadAction\",\"target\":[\"https:\\\/\\\/pbjss.edu.lv\\\/preilu-novada-zemledus-makskernieki-startes-pasaules-cempionata\\\/\"]}]},{\"@type\":\"ImageObject\",\"inLanguage\":\"en-GB\",\"@id\":\"https:\\\/\\\/pbjss.edu.lv\\\/preilu-novada-zemledus-makskernieki-startes-pasaules-cempionata\\\/#primaryimage\",\"url\":\"https:\\\/\\\/pbjss.edu.lv\\\/wp-content\\\/uploads\\\/20220222.jpg\",\"contentUrl\":\"https:\\\/\\\/pbjss.edu.lv\\\/wp-content\\\/uploads\\\/20220222.jpg\",\"width\":1600,\"height\":960},{\"@type\":\"BreadcrumbList\",\"@id\":\"https:\\\/\\\/pbjss.edu.lv\\\/preilu-novada-zemledus-makskernieki-startes-pasaules-cempionata\\\/#breadcrumb\",\"itemListElement\":[{\"@type\":\"ListItem\",\"position\":1,\"name\":\"Home\",\"item\":\"https:\\\/\\\/pbjss.edu.lv\\\/\"},{\"@type\":\"ListItem\",\"position\":2,\"name\":\"Prei\u013cu novada zemledus mak\u0161\u0137ernieki start\u0113s pasaules \u010dempion\u0101t\u0101\"}]},{\"@type\":\"WebSite\",\"@id\":\"https:\\\/\\\/pbjss.edu.lv\\\/#website\",\"url\":\"https:\\\/\\\/pbjss.edu.lv\\\/\",\"name\":\"Prei\u013cu novada b\u0113rnu un jaunie\u0161u sporta skola\",\"description\":\"Augst\u0101k, t\u0101l\u0101k, stipr\u0101k!\",\"potentialAction\":[{\"@type\":\"SearchAction\",\"target\":{\"@type\":\"EntryPoint\",\"urlTemplate\":\"https:\\\/\\\/pbjss.edu.lv\\\/?s={search_term_string}\"},\"query-input\":{\"@type\":\"PropertyValueSpecification\",\"valueRequired\":true,\"valueName\":\"search_term_string\"}}],\"inLanguage\":\"en-GB\"},{\"@type\":\"Person\",\"@id\":\"https:\\\/\\\/pbjss.edu.lv\\\/#\\\/schema\\\/person\\\/673500925eb2fbb01416cad4a44be9f7\",\"name\":\"Bjss\",\"image\":{\"@type\":\"ImageObject\",\"inLanguage\":\"en-GB\",\"@id\":\"https:\\\/\\\/secure.gravatar.com\\\/avatar\\\/41520995a420163723678647f92d22a050ef556c35cdb598ea5659b018a440f8?s=96&d=mm&r=g\",\"url\":\"https:\\\/\\\/secure.gravatar.com\\\/avatar\\\/41520995a420163723678647f92d22a050ef556c35cdb598ea5659b018a440f8?s=96&d=mm&r=g\",\"contentUrl\":\"https:\\\/\\\/secure.gravatar.com\\\/avatar\\\/41520995a420163723678647f92d22a050ef556c35cdb598ea5659b018a440f8?s=96&d=mm&r=g\",\"caption\":\"Bjss\"},\"url\":\"https:\\\/\\\/pbjss.edu.lv\\\/en\\\/author\\\/ivars\\\/\"}]}<\/script>\n<!-- \/ Yoast SEO plugin. -->","yoast_head_json":{"title":"Prei\u013cu novada zemledus mak\u0161\u0137ernieki start\u0113s pasaules \u010dempion\u0101t\u0101","robots":{"index":"index","follow":"follow","max-snippet":"max-snippet:-1","max-image-preview":"max-image-preview:large","max-video-preview":"max-video-preview:-1"},"canonical":"https:\/\/pbjss.edu.lv\/en\/preilu-novada-zemledus-makskernieki-startes-pasaules-cempionata\/","og_locale":"en_GB","og_type":"article","og_title":"Prei\u013cu novada zemledus mak\u0161\u0137ernieki start\u0113s pasaules \u010dempion\u0101t\u0101","og_description":"Prei\u013cu novada zemledus mak\u0161\u0137ernieki ir iek\u013cuvu\u0161i Latvijas izlas\u0113 un 18. febru\u0101r\u012b dosies start\u0113t uz pasaules \u010dempion\u0101tu, kur\u0161 notiks net\u0101lu no \u0160au\u013ciem (Lietuva), Rekyva ezer\u0101. Prei\u013cu novada apvienot\u0101 zemledus mak\u0161\u0137ernieku komanda: [&hellip;]","og_url":"https:\/\/pbjss.edu.lv\/en\/preilu-novada-zemledus-makskernieki-startes-pasaules-cempionata\/","og_site_name":"Prei\u013cu novada b\u0113rnu un jaunie\u0161u sporta skola","article_publisher":"https:\/\/www.facebook.com\/pbjss\/?eid=ARAe9wQ7MGM0FQFTVX7QEebpfAfe5hv7HvoN-v1Jv13lgtTNi-DDzJx16PrauJn_wRTcN6k13xTyjf4n","article_published_time":"2022-02-22T05:12:58+00:00","og_image":[{"width":1600,"height":960,"url":"https:\/\/pbjss.edu.lv\/wp-content\/uploads\/20220222.jpg","type":"image\/jpeg"}],"author":"Bjss","twitter_card":"summary_large_image","twitter_misc":{"Written by":"Bjss","Estimated reading time":"1 minute"},"schema":{"@context":"https:\/\/schema.org","@graph":[{"@type":"Article","@id":"https:\/\/pbjss.edu.lv\/preilu-novada-zemledus-makskernieki-startes-pasaules-cempionata\/#article","isPartOf":{"@id":"https:\/\/pbjss.edu.lv\/preilu-novada-zemledus-makskernieki-startes-pasaules-cempionata\/"},"author":{"name":"Bjss","@id":"https:\/\/pbjss.edu.lv\/#\/schema\/person\/673500925eb2fbb01416cad4a44be9f7"},"headline":"Prei\u013cu novada zemledus mak\u0161\u0137ernieki start\u0113s pasaules \u010dempion\u0101t\u0101","datePublished":"2022-02-22T05:12:58+00:00","mainEntityOfPage":{"@id":"https:\/\/pbjss.edu.lv\/preilu-novada-zemledus-makskernieki-startes-pasaules-cempionata\/"},"wordCount":197,"image":{"@id":"https:\/\/pbjss.edu.lv\/preilu-novada-zemledus-makskernieki-startes-pasaules-cempionata\/#primaryimage"},"thumbnailUrl":"https:\/\/pbjss.edu.lv\/wp-content\/uploads\/20220222.jpg","articleSection":["Jaunumi"],"inLanguage":"en-GB"},{"@type":"WebPage","@id":"https:\/\/pbjss.edu.lv\/preilu-novada-zemledus-makskernieki-startes-pasaules-cempionata\/","url":"https:\/\/pbjss.edu.lv\/preilu-novada-zemledus-makskernieki-startes-pasaules-cempionata\/","name":"Prei\u013cu novada zemledus mak\u0161\u0137ernieki start\u0113s pasaules \u010dempion\u0101t\u0101","isPartOf":{"@id":"https:\/\/pbjss.edu.lv\/#website"},"primaryImageOfPage":{"@id":"https:\/\/pbjss.edu.lv\/preilu-novada-zemledus-makskernieki-startes-pasaules-cempionata\/#primaryimage"},"image":{"@id":"https:\/\/pbjss.edu.lv\/preilu-novada-zemledus-makskernieki-startes-pasaules-cempionata\/#primaryimage"},"thumbnailUrl":"https:\/\/pbjss.edu.lv\/wp-content\/uploads\/20220222.jpg","datePublished":"2022-02-22T05:12:58+00:00","author":{"@id":"https:\/\/pbjss.edu.lv\/#\/schema\/person\/673500925eb2fbb01416cad4a44be9f7"},"breadcrumb":{"@id":"https:\/\/pbjss.edu.lv\/preilu-novada-zemledus-makskernieki-startes-pasaules-cempionata\/#breadcrumb"},"inLanguage":"en-GB","potentialAction":[{"@type":"ReadAction","target":["https:\/\/pbjss.edu.lv\/preilu-novada-zemledus-makskernieki-startes-pasaules-cempionata\/"]}]},{"@type":"ImageObject","inLanguage":"en-GB","@id":"https:\/\/pbjss.edu.lv\/preilu-novada-zemledus-makskernieki-startes-pasaules-cempionata\/#primaryimage","url":"https:\/\/pbjss.edu.lv\/wp-content\/uploads\/20220222.jpg","contentUrl":"https:\/\/pbjss.edu.lv\/wp-content\/uploads\/20220222.jpg","width":1600,"height":960},{"@type":"BreadcrumbList","@id":"https:\/\/pbjss.edu.lv\/preilu-novada-zemledus-makskernieki-startes-pasaules-cempionata\/#breadcrumb","itemListElement":[{"@type":"ListItem","position":1,"name":"Home","item":"https:\/\/pbjss.edu.lv\/"},{"@type":"ListItem","position":2,"name":"Prei\u013cu novada zemledus mak\u0161\u0137ernieki start\u0113s pasaules \u010dempion\u0101t\u0101"}]},{"@type":"WebSite","@id":"https:\/\/pbjss.edu.lv\/#website","url":"https:\/\/pbjss.edu.lv\/","name":"Prei\u013cu novada b\u0113rnu un jaunie\u0161u sporta skola","description":"Augst\u0101k, t\u0101l\u0101k, stipr\u0101k!","potentialAction":[{"@type":"SearchAction","target":{"@type":"EntryPoint","urlTemplate":"https:\/\/pbjss.edu.lv\/?s={search_term_string}"},"query-input":{"@type":"PropertyValueSpecification","valueRequired":true,"valueName":"search_term_string"}}],"inLanguage":"en-GB"},{"@type":"Person","@id":"https:\/\/pbjss.edu.lv\/#\/schema\/person\/673500925eb2fbb01416cad4a44be9f7","name":"Bjss","image":{"@type":"ImageObject","inLanguage":"en-GB","@id":"https:\/\/secure.gravatar.com\/avatar\/41520995a420163723678647f92d22a050ef556c35cdb598ea5659b018a440f8?s=96&d=mm&r=g","url":"https:\/\/secure.gravatar.com\/avatar\/41520995a420163723678647f92d22a050ef556c35cdb598ea5659b018a440f8?s=96&d=mm&r=g","contentUrl":"https:\/\/secure.gravatar.com\/avatar\/41520995a420163723678647f92d22a050ef556c35cdb598ea5659b018a440f8?s=96&d=mm&r=g","caption":"Bjss"},"url":"https:\/\/pbjss.edu.lv\/en\/author\/ivars\/"}]}},"_links":{"self":[{"href":"https:\/\/pbjss.edu.lv\/en\/wp-json\/wp\/v2\/posts\/6726","targetHints":{"allow":["GET"]}}],"collection":[{"href":"https:\/\/pbjss.edu.lv\/en\/wp-json\/wp\/v2\/posts"}],"about":[{"href":"https:\/\/pbjss.edu.lv\/en\/wp-json\/wp\/v2\/types\/post"}],"author":[{"embeddable":true,"href":"https:\/\/pbjss.edu.lv\/en\/wp-json\/wp\/v2\/users\/2"}],"replies":[{"embeddable":true,"href":"https:\/\/pbjss.edu.lv\/en\/wp-json\/wp\/v2\/comments?post=6726"}],"version-history":[{"count":1,"href":"https:\/\/pbjss.edu.lv\/en\/wp-json\/wp\/v2\/posts\/6726\/revisions"}],"predecessor-version":[{"id":6728,"href":"https:\/\/pbjss.edu.lv\/en\/wp-json\/wp\/v2\/posts\/6726\/revisions\/6728"}],"wp:featuredmedia":[{"embeddable":true,"href":"https:\/\/pbjss.edu.lv\/en\/wp-json\/wp\/v2\/media\/6727"}],"wp:attachment":[{"href":"https:\/\/pbjss.edu.lv\/en\/wp-json\/wp\/v2\/media?parent=6726"}],"wp:term":[{"taxonomy":"category","embeddable":true,"href":"https:\/\/pbjss.edu.lv\/en\/wp-json\/wp\/v2\/categories?post=6726"},{"taxonomy":"post_tag","embeddable":true,"href":"https:\/\/pbjss.edu.lv\/en\/wp-json\/wp\/v2\/tags?post=6726"}],"curies":[{"name":"wp","href":"https:\/\/api.w.org\/{rel}","templated":true}]}}