{"id":34321,"date":"2025-09-14T19:26:16","date_gmt":"2025-09-14T16:26:16","guid":{"rendered":"https:\/\/pbjss.edu.lv\/?p=34321"},"modified":"2025-09-15T11:38:23","modified_gmt":"2025-09-15T08:38:23","slug":"sveiciens-no-lahti-kur-musu-sportisti-piedalas-eiropas-cempionata-nujosana","status":"publish","type":"post","link":"https:\/\/pbjss.edu.lv\/en\/sveiciens-no-lahti-kur-musu-sportisti-piedalas-eiropas-cempionata-nujosana\/","title":{"rendered":"3 zelta meda\u013cas no Eiropas \u010dempion\u0101t\u0101 n\u016bjo\u0161an\u0101 p\u0101rbrauc uz Prei\u013cu novadu"},"content":{"rendered":"<p>INWA Eiropas \u010cempion\u0101ts n\u016bjo\u0161an\u0101 2025. gad\u0101 12.-14. septembr\u012b notika Somijas pils\u0113t\u0101 Laht\u012b. Taj\u0101 ir pasaul\u0113 slaven\u0101kais Zieme\u013cvalstu ziemas sporta sacens\u012bbu centrs. K\u0101 v\u0113st\u012bja dal\u012bbnieki, trase bija \u013coti smaga, relj\u0113faina un konkurenti l\u012bdzv\u0113rt\u012b\u0123i. Sacens\u012bbu dal\u012bbnieku skaitu kuplin\u0101ja p\u0101rst\u0101vi ne tikai no Eiropas valst\u012bm, bet ar\u012b no Jap\u0101nas un \u0136\u012bnas. Feoktists Pu\u0161\u0146akovs un Aivars \u017dugris pieredzes bag\u0101ti n\u016bjot\u0101ji un \u013coti m\u0113r\u0137tiec\u012bgi sportisti, t\u0101p\u0113c savu darbi\u0146u paveica izcili. Feoktistam Pu\u0161\u0146akovam 10km distanc\u0113 izc\u012bn\u012bta zelta meda\u013ca, 5 km distanc\u0113 \u2013sudrabs. Aivaram \u017dugrim 21 km distance absol\u016bt\u0101 uzvara, 4. Vieta- 5km distance un 5. vieta mix stafet\u0113. V\u012brie\u0161u 4\u00d75 km stafet\u0113 Latvijas komanda bija nep\u0101rsp\u0113ta un uz goda pjedest\u0101la Feoktists atk\u0101rtoti var\u0113ja lepni tur\u0113t Latvijas valsts karogu. Paldies LTSA par organiz\u0113to iesp\u0113ju sagatavoties un piedal\u012bties E\u010c sacens\u012bb\u0101s.<br \/>\nApsveicam m\u016bsu sportistus!<\/p>\n<p>Foto no dal\u012bbnieku un organizatoru arh\u012bva.<br \/>\nPrei\u013cu novada BJSS pieaugus\u014d pas\u0101kumu organizatoore M.Pok\u0161\u0101ne<\/p>\n<p><em><strong><img loading=\"lazy\" decoding=\"async\" class=\"alignnone wp-image-34324 size-large\" src=\"https:\/\/pbjss.edu.lv\/wp-content\/uploads\/20250914_nujosana_Somija_1-473x1024.jpg\" alt=\"\" width=\"473\" height=\"1024\" srcset=\"https:\/\/pbjss.edu.lv\/wp-content\/uploads\/20250914_nujosana_Somija_1-473x1024.jpg 473w, https:\/\/pbjss.edu.lv\/wp-content\/uploads\/20250914_nujosana_Somija_1-139x300.jpg 139w, https:\/\/pbjss.edu.lv\/wp-content\/uploads\/20250914_nujosana_Somija_1-768x1663.jpg 768w, https:\/\/pbjss.edu.lv\/wp-content\/uploads\/20250914_nujosana_Somija_1-709x1536.jpg 709w, https:\/\/pbjss.edu.lv\/wp-content\/uploads\/20250914_nujosana_Somija_1.jpg 942w\" sizes=\"auto, (max-width: 473px) 100vw, 473px\" \/><\/strong><\/em><em><strong><img loading=\"lazy\" decoding=\"async\" class=\"alignnone wp-image-34323 size-large\" src=\"https:\/\/pbjss.edu.lv\/wp-content\/uploads\/20250914_nujosana_Somija_2-576x1024.jpg\" alt=\"\" width=\"576\" height=\"1024\" srcset=\"https:\/\/pbjss.edu.lv\/wp-content\/uploads\/20250914_nujosana_Somija_2-576x1024.jpg 576w, https:\/\/pbjss.edu.lv\/wp-content\/uploads\/20250914_nujosana_Somija_2-169x300.jpg 169w, https:\/\/pbjss.edu.lv\/wp-content\/uploads\/20250914_nujosana_Somija_2-768x1365.jpg 768w, https:\/\/pbjss.edu.lv\/wp-content\/uploads\/20250914_nujosana_Somija_2-864x1536.jpg 864w, https:\/\/pbjss.edu.lv\/wp-content\/uploads\/20250914_nujosana_Somija_2.jpg 900w\" sizes=\"auto, (max-width: 576px) 100vw, 576px\" \/><\/strong><\/em><em><strong><img loading=\"lazy\" decoding=\"async\" class=\"alignnone wp-image-34322 size-large\" src=\"https:\/\/pbjss.edu.lv\/wp-content\/uploads\/20250914_nujosana_Somija_3-576x1024.jpg\" alt=\"\" width=\"576\" height=\"1024\" srcset=\"https:\/\/pbjss.edu.lv\/wp-content\/uploads\/20250914_nujosana_Somija_3-576x1024.jpg 576w, https:\/\/pbjss.edu.lv\/wp-content\/uploads\/20250914_nujosana_Somija_3-169x300.jpg 169w, https:\/\/pbjss.edu.lv\/wp-content\/uploads\/20250914_nujosana_Somija_3-768x1365.jpg 768w, https:\/\/pbjss.edu.lv\/wp-content\/uploads\/20250914_nujosana_Somija_3-864x1536.jpg 864w, https:\/\/pbjss.edu.lv\/wp-content\/uploads\/20250914_nujosana_Somija_3.jpg 900w\" sizes=\"auto, (max-width: 576px) 100vw, 576px\" \/><img loading=\"lazy\" decoding=\"async\" class=\"alignnone wp-image-34328 size-full\" src=\"https:\/\/pbjss.edu.lv\/wp-content\/uploads\/20250915_nujosana_Somija.jpg\" alt=\"\" width=\"878\" height=\"658\" srcset=\"https:\/\/pbjss.edu.lv\/wp-content\/uploads\/20250915_nujosana_Somija.jpg 878w, https:\/\/pbjss.edu.lv\/wp-content\/uploads\/20250915_nujosana_Somija-300x225.jpg 300w, https:\/\/pbjss.edu.lv\/wp-content\/uploads\/20250915_nujosana_Somija-768x576.jpg 768w\" sizes=\"auto, (max-width: 878px) 100vw, 878px\" \/><\/strong><\/em><\/p>","protected":false},"excerpt":{"rendered":"<p>INWA Eiropas \u010cempion\u0101ts n\u016bjo\u0161an\u0101 2025. gad\u0101 12.-14. septembr\u012b notika Somijas pils\u0113t\u0101 Laht\u012b. Taj\u0101 ir pasaul\u0113 slaven\u0101kais Zieme\u013cvalstu ziemas sporta sacens\u012bbu centrs. K\u0101 v\u0113st\u012bja dal\u012bbnieki, trase bija \u013coti smaga, relj\u0113faina un [&hellip;]<\/p>\n","protected":false},"author":2,"featured_media":34324,"comment_status":"closed","ping_status":"open","sticky":false,"template":"","format":"standard","meta":{"_acf_changed":false,"footnotes":""},"categories":[15,21],"tags":[],"class_list":["post-34321","post","type-post","status-publish","format-standard","has-post-thumbnail","hentry","category-jaunumi","category-pieaugusie-un-veterani"],"acf":[],"yoast_head":"<!-- This site is optimized with the Yoast SEO plugin v27.5 - https:\/\/yoast.com\/product\/yoast-seo-wordpress\/ -->\n<title>3 zelta meda\u013cas no Eiropas \u010dempion\u0101t\u0101 n\u016bjo\u0161an\u0101 p\u0101rbrauc uz Prei\u013cu novadu<\/title>\n<meta name=\"robots\" content=\"index, follow, max-snippet:-1, max-image-preview:large, max-video-preview:-1\" \/>\n<link rel=\"canonical\" href=\"https:\/\/pbjss.edu.lv\/en\/sveiciens-no-lahti-kur-musu-sportisti-piedalas-eiropas-cempionata-nujosana\/\" \/>\n<meta property=\"og:locale\" content=\"en_GB\" \/>\n<meta property=\"og:type\" content=\"article\" \/>\n<meta property=\"og:title\" content=\"3 zelta meda\u013cas no Eiropas \u010dempion\u0101t\u0101 n\u016bjo\u0161an\u0101 p\u0101rbrauc uz Prei\u013cu novadu\" \/>\n<meta property=\"og:description\" content=\"INWA Eiropas \u010cempion\u0101ts n\u016bjo\u0161an\u0101 2025. gad\u0101 12.-14. septembr\u012b notika Somijas pils\u0113t\u0101 Laht\u012b. Taj\u0101 ir pasaul\u0113 slaven\u0101kais Zieme\u013cvalstu ziemas sporta sacens\u012bbu centrs. K\u0101 v\u0113st\u012bja dal\u012bbnieki, trase bija \u013coti smaga, relj\u0113faina un [&hellip;]\" \/>\n<meta property=\"og:url\" content=\"https:\/\/pbjss.edu.lv\/en\/sveiciens-no-lahti-kur-musu-sportisti-piedalas-eiropas-cempionata-nujosana\/\" \/>\n<meta property=\"og:site_name\" content=\"Prei\u013cu novada b\u0113rnu un jaunie\u0161u sporta skola\" \/>\n<meta property=\"article:publisher\" content=\"https:\/\/www.facebook.com\/pbjss\/?eid=ARAe9wQ7MGM0FQFTVX7QEebpfAfe5hv7HvoN-v1Jv13lgtTNi-DDzJx16PrauJn_wRTcN6k13xTyjf4n\" \/>\n<meta property=\"article:published_time\" content=\"2025-09-14T16:26:16+00:00\" \/>\n<meta property=\"article:modified_time\" content=\"2025-09-15T08:38:23+00:00\" \/>\n<meta property=\"og:image\" content=\"https:\/\/pbjss.edu.lv\/wp-content\/uploads\/20250914_nujosana_Somija_1.jpg\" \/>\n\t<meta property=\"og:image:width\" content=\"942\" \/>\n\t<meta property=\"og:image:height\" content=\"2040\" \/>\n\t<meta property=\"og:image:type\" content=\"image\/jpeg\" \/>\n<meta name=\"author\" content=\"Bjss\" \/>\n<meta name=\"twitter:card\" content=\"summary_large_image\" \/>\n<meta name=\"twitter:label1\" content=\"Written by\" \/>\n\t<meta name=\"twitter:data1\" content=\"Bjss\" \/>\n\t<meta name=\"twitter:label2\" content=\"Estimated reading time\" \/>\n\t<meta name=\"twitter:data2\" content=\"2 minutes\" \/>\n<script type=\"application\/ld+json\" class=\"yoast-schema-graph\">{\"@context\":\"https:\\\/\\\/schema.org\",\"@graph\":[{\"@type\":\"Article\",\"@id\":\"https:\\\/\\\/pbjss.edu.lv\\\/sveiciens-no-lahti-kur-musu-sportisti-piedalas-eiropas-cempionata-nujosana\\\/#article\",\"isPartOf\":{\"@id\":\"https:\\\/\\\/pbjss.edu.lv\\\/sveiciens-no-lahti-kur-musu-sportisti-piedalas-eiropas-cempionata-nujosana\\\/\"},\"author\":{\"name\":\"Bjss\",\"@id\":\"https:\\\/\\\/pbjss.edu.lv\\\/#\\\/schema\\\/person\\\/673500925eb2fbb01416cad4a44be9f7\"},\"headline\":\"3 zelta meda\u013cas no Eiropas \u010dempion\u0101t\u0101 n\u016bjo\u0161an\u0101 p\u0101rbrauc uz Prei\u013cu novadu\",\"datePublished\":\"2025-09-14T16:26:16+00:00\",\"dateModified\":\"2025-09-15T08:38:23+00:00\",\"mainEntityOfPage\":{\"@id\":\"https:\\\/\\\/pbjss.edu.lv\\\/sveiciens-no-lahti-kur-musu-sportisti-piedalas-eiropas-cempionata-nujosana\\\/\"},\"wordCount\":204,\"image\":{\"@id\":\"https:\\\/\\\/pbjss.edu.lv\\\/sveiciens-no-lahti-kur-musu-sportisti-piedalas-eiropas-cempionata-nujosana\\\/#primaryimage\"},\"thumbnailUrl\":\"https:\\\/\\\/pbjss.edu.lv\\\/wp-content\\\/uploads\\\/20250914_nujosana_Somija_1.jpg\",\"articleSection\":[\"Jaunumi\",\"Pieaugu\u0161ie un veter\u0101ni\"],\"inLanguage\":\"en-GB\"},{\"@type\":\"WebPage\",\"@id\":\"https:\\\/\\\/pbjss.edu.lv\\\/sveiciens-no-lahti-kur-musu-sportisti-piedalas-eiropas-cempionata-nujosana\\\/\",\"url\":\"https:\\\/\\\/pbjss.edu.lv\\\/sveiciens-no-lahti-kur-musu-sportisti-piedalas-eiropas-cempionata-nujosana\\\/\",\"name\":\"3 zelta meda\u013cas no Eiropas \u010dempion\u0101t\u0101 n\u016bjo\u0161an\u0101 p\u0101rbrauc uz Prei\u013cu novadu\",\"isPartOf\":{\"@id\":\"https:\\\/\\\/pbjss.edu.lv\\\/#website\"},\"primaryImageOfPage\":{\"@id\":\"https:\\\/\\\/pbjss.edu.lv\\\/sveiciens-no-lahti-kur-musu-sportisti-piedalas-eiropas-cempionata-nujosana\\\/#primaryimage\"},\"image\":{\"@id\":\"https:\\\/\\\/pbjss.edu.lv\\\/sveiciens-no-lahti-kur-musu-sportisti-piedalas-eiropas-cempionata-nujosana\\\/#primaryimage\"},\"thumbnailUrl\":\"https:\\\/\\\/pbjss.edu.lv\\\/wp-content\\\/uploads\\\/20250914_nujosana_Somija_1.jpg\",\"datePublished\":\"2025-09-14T16:26:16+00:00\",\"dateModified\":\"2025-09-15T08:38:23+00:00\",\"author\":{\"@id\":\"https:\\\/\\\/pbjss.edu.lv\\\/#\\\/schema\\\/person\\\/673500925eb2fbb01416cad4a44be9f7\"},\"breadcrumb\":{\"@id\":\"https:\\\/\\\/pbjss.edu.lv\\\/sveiciens-no-lahti-kur-musu-sportisti-piedalas-eiropas-cempionata-nujosana\\\/#breadcrumb\"},\"inLanguage\":\"en-GB\",\"potentialAction\":[{\"@type\":\"ReadAction\",\"target\":[\"https:\\\/\\\/pbjss.edu.lv\\\/sveiciens-no-lahti-kur-musu-sportisti-piedalas-eiropas-cempionata-nujosana\\\/\"]}]},{\"@type\":\"ImageObject\",\"inLanguage\":\"en-GB\",\"@id\":\"https:\\\/\\\/pbjss.edu.lv\\\/sveiciens-no-lahti-kur-musu-sportisti-piedalas-eiropas-cempionata-nujosana\\\/#primaryimage\",\"url\":\"https:\\\/\\\/pbjss.edu.lv\\\/wp-content\\\/uploads\\\/20250914_nujosana_Somija_1.jpg\",\"contentUrl\":\"https:\\\/\\\/pbjss.edu.lv\\\/wp-content\\\/uploads\\\/20250914_nujosana_Somija_1.jpg\",\"width\":942,\"height\":2040},{\"@type\":\"BreadcrumbList\",\"@id\":\"https:\\\/\\\/pbjss.edu.lv\\\/sveiciens-no-lahti-kur-musu-sportisti-piedalas-eiropas-cempionata-nujosana\\\/#breadcrumb\",\"itemListElement\":[{\"@type\":\"ListItem\",\"position\":1,\"name\":\"Home\",\"item\":\"https:\\\/\\\/pbjss.edu.lv\\\/\"},{\"@type\":\"ListItem\",\"position\":2,\"name\":\"3 zelta meda\u013cas no Eiropas \u010dempion\u0101t\u0101 n\u016bjo\u0161an\u0101 p\u0101rbrauc uz Prei\u013cu novadu\"}]},{\"@type\":\"WebSite\",\"@id\":\"https:\\\/\\\/pbjss.edu.lv\\\/#website\",\"url\":\"https:\\\/\\\/pbjss.edu.lv\\\/\",\"name\":\"Prei\u013cu novada b\u0113rnu un jaunie\u0161u sporta skola\",\"description\":\"Augst\u0101k, t\u0101l\u0101k, stipr\u0101k!\",\"potentialAction\":[{\"@type\":\"SearchAction\",\"target\":{\"@type\":\"EntryPoint\",\"urlTemplate\":\"https:\\\/\\\/pbjss.edu.lv\\\/?s={search_term_string}\"},\"query-input\":{\"@type\":\"PropertyValueSpecification\",\"valueRequired\":true,\"valueName\":\"search_term_string\"}}],\"inLanguage\":\"en-GB\"},{\"@type\":\"Person\",\"@id\":\"https:\\\/\\\/pbjss.edu.lv\\\/#\\\/schema\\\/person\\\/673500925eb2fbb01416cad4a44be9f7\",\"name\":\"Bjss\",\"image\":{\"@type\":\"ImageObject\",\"inLanguage\":\"en-GB\",\"@id\":\"https:\\\/\\\/secure.gravatar.com\\\/avatar\\\/41520995a420163723678647f92d22a050ef556c35cdb598ea5659b018a440f8?s=96&d=mm&r=g\",\"url\":\"https:\\\/\\\/secure.gravatar.com\\\/avatar\\\/41520995a420163723678647f92d22a050ef556c35cdb598ea5659b018a440f8?s=96&d=mm&r=g\",\"contentUrl\":\"https:\\\/\\\/secure.gravatar.com\\\/avatar\\\/41520995a420163723678647f92d22a050ef556c35cdb598ea5659b018a440f8?s=96&d=mm&r=g\",\"caption\":\"Bjss\"},\"url\":\"https:\\\/\\\/pbjss.edu.lv\\\/en\\\/author\\\/ivars\\\/\"}]}<\/script>\n<!-- \/ Yoast SEO plugin. -->","yoast_head_json":{"title":"3 zelta meda\u013cas no Eiropas \u010dempion\u0101t\u0101 n\u016bjo\u0161an\u0101 p\u0101rbrauc uz Prei\u013cu novadu","robots":{"index":"index","follow":"follow","max-snippet":"max-snippet:-1","max-image-preview":"max-image-preview:large","max-video-preview":"max-video-preview:-1"},"canonical":"https:\/\/pbjss.edu.lv\/en\/sveiciens-no-lahti-kur-musu-sportisti-piedalas-eiropas-cempionata-nujosana\/","og_locale":"en_GB","og_type":"article","og_title":"3 zelta meda\u013cas no Eiropas \u010dempion\u0101t\u0101 n\u016bjo\u0161an\u0101 p\u0101rbrauc uz Prei\u013cu novadu","og_description":"INWA Eiropas \u010cempion\u0101ts n\u016bjo\u0161an\u0101 2025. gad\u0101 12.-14. septembr\u012b notika Somijas pils\u0113t\u0101 Laht\u012b. Taj\u0101 ir pasaul\u0113 slaven\u0101kais Zieme\u013cvalstu ziemas sporta sacens\u012bbu centrs. K\u0101 v\u0113st\u012bja dal\u012bbnieki, trase bija \u013coti smaga, relj\u0113faina un [&hellip;]","og_url":"https:\/\/pbjss.edu.lv\/en\/sveiciens-no-lahti-kur-musu-sportisti-piedalas-eiropas-cempionata-nujosana\/","og_site_name":"Prei\u013cu novada b\u0113rnu un jaunie\u0161u sporta skola","article_publisher":"https:\/\/www.facebook.com\/pbjss\/?eid=ARAe9wQ7MGM0FQFTVX7QEebpfAfe5hv7HvoN-v1Jv13lgtTNi-DDzJx16PrauJn_wRTcN6k13xTyjf4n","article_published_time":"2025-09-14T16:26:16+00:00","article_modified_time":"2025-09-15T08:38:23+00:00","og_image":[{"width":942,"height":2040,"url":"https:\/\/pbjss.edu.lv\/wp-content\/uploads\/20250914_nujosana_Somija_1.jpg","type":"image\/jpeg"}],"author":"Bjss","twitter_card":"summary_large_image","twitter_misc":{"Written by":"Bjss","Estimated reading time":"2 minutes"},"schema":{"@context":"https:\/\/schema.org","@graph":[{"@type":"Article","@id":"https:\/\/pbjss.edu.lv\/sveiciens-no-lahti-kur-musu-sportisti-piedalas-eiropas-cempionata-nujosana\/#article","isPartOf":{"@id":"https:\/\/pbjss.edu.lv\/sveiciens-no-lahti-kur-musu-sportisti-piedalas-eiropas-cempionata-nujosana\/"},"author":{"name":"Bjss","@id":"https:\/\/pbjss.edu.lv\/#\/schema\/person\/673500925eb2fbb01416cad4a44be9f7"},"headline":"3 zelta meda\u013cas no Eiropas \u010dempion\u0101t\u0101 n\u016bjo\u0161an\u0101 p\u0101rbrauc uz Prei\u013cu novadu","datePublished":"2025-09-14T16:26:16+00:00","dateModified":"2025-09-15T08:38:23+00:00","mainEntityOfPage":{"@id":"https:\/\/pbjss.edu.lv\/sveiciens-no-lahti-kur-musu-sportisti-piedalas-eiropas-cempionata-nujosana\/"},"wordCount":204,"image":{"@id":"https:\/\/pbjss.edu.lv\/sveiciens-no-lahti-kur-musu-sportisti-piedalas-eiropas-cempionata-nujosana\/#primaryimage"},"thumbnailUrl":"https:\/\/pbjss.edu.lv\/wp-content\/uploads\/20250914_nujosana_Somija_1.jpg","articleSection":["Jaunumi","Pieaugu\u0161ie un veter\u0101ni"],"inLanguage":"en-GB"},{"@type":"WebPage","@id":"https:\/\/pbjss.edu.lv\/sveiciens-no-lahti-kur-musu-sportisti-piedalas-eiropas-cempionata-nujosana\/","url":"https:\/\/pbjss.edu.lv\/sveiciens-no-lahti-kur-musu-sportisti-piedalas-eiropas-cempionata-nujosana\/","name":"3 zelta meda\u013cas no Eiropas \u010dempion\u0101t\u0101 n\u016bjo\u0161an\u0101 p\u0101rbrauc uz Prei\u013cu novadu","isPartOf":{"@id":"https:\/\/pbjss.edu.lv\/#website"},"primaryImageOfPage":{"@id":"https:\/\/pbjss.edu.lv\/sveiciens-no-lahti-kur-musu-sportisti-piedalas-eiropas-cempionata-nujosana\/#primaryimage"},"image":{"@id":"https:\/\/pbjss.edu.lv\/sveiciens-no-lahti-kur-musu-sportisti-piedalas-eiropas-cempionata-nujosana\/#primaryimage"},"thumbnailUrl":"https:\/\/pbjss.edu.lv\/wp-content\/uploads\/20250914_nujosana_Somija_1.jpg","datePublished":"2025-09-14T16:26:16+00:00","dateModified":"2025-09-15T08:38:23+00:00","author":{"@id":"https:\/\/pbjss.edu.lv\/#\/schema\/person\/673500925eb2fbb01416cad4a44be9f7"},"breadcrumb":{"@id":"https:\/\/pbjss.edu.lv\/sveiciens-no-lahti-kur-musu-sportisti-piedalas-eiropas-cempionata-nujosana\/#breadcrumb"},"inLanguage":"en-GB","potentialAction":[{"@type":"ReadAction","target":["https:\/\/pbjss.edu.lv\/sveiciens-no-lahti-kur-musu-sportisti-piedalas-eiropas-cempionata-nujosana\/"]}]},{"@type":"ImageObject","inLanguage":"en-GB","@id":"https:\/\/pbjss.edu.lv\/sveiciens-no-lahti-kur-musu-sportisti-piedalas-eiropas-cempionata-nujosana\/#primaryimage","url":"https:\/\/pbjss.edu.lv\/wp-content\/uploads\/20250914_nujosana_Somija_1.jpg","contentUrl":"https:\/\/pbjss.edu.lv\/wp-content\/uploads\/20250914_nujosana_Somija_1.jpg","width":942,"height":2040},{"@type":"BreadcrumbList","@id":"https:\/\/pbjss.edu.lv\/sveiciens-no-lahti-kur-musu-sportisti-piedalas-eiropas-cempionata-nujosana\/#breadcrumb","itemListElement":[{"@type":"ListItem","position":1,"name":"Home","item":"https:\/\/pbjss.edu.lv\/"},{"@type":"ListItem","position":2,"name":"3 zelta meda\u013cas no Eiropas \u010dempion\u0101t\u0101 n\u016bjo\u0161an\u0101 p\u0101rbrauc uz Prei\u013cu novadu"}]},{"@type":"WebSite","@id":"https:\/\/pbjss.edu.lv\/#website","url":"https:\/\/pbjss.edu.lv\/","name":"Prei\u013cu novada b\u0113rnu un jaunie\u0161u sporta skola","description":"Augst\u0101k, t\u0101l\u0101k, stipr\u0101k!","potentialAction":[{"@type":"SearchAction","target":{"@type":"EntryPoint","urlTemplate":"https:\/\/pbjss.edu.lv\/?s={search_term_string}"},"query-input":{"@type":"PropertyValueSpecification","valueRequired":true,"valueName":"search_term_string"}}],"inLanguage":"en-GB"},{"@type":"Person","@id":"https:\/\/pbjss.edu.lv\/#\/schema\/person\/673500925eb2fbb01416cad4a44be9f7","name":"Bjss","image":{"@type":"ImageObject","inLanguage":"en-GB","@id":"https:\/\/secure.gravatar.com\/avatar\/41520995a420163723678647f92d22a050ef556c35cdb598ea5659b018a440f8?s=96&d=mm&r=g","url":"https:\/\/secure.gravatar.com\/avatar\/41520995a420163723678647f92d22a050ef556c35cdb598ea5659b018a440f8?s=96&d=mm&r=g","contentUrl":"https:\/\/secure.gravatar.com\/avatar\/41520995a420163723678647f92d22a050ef556c35cdb598ea5659b018a440f8?s=96&d=mm&r=g","caption":"Bjss"},"url":"https:\/\/pbjss.edu.lv\/en\/author\/ivars\/"}]}},"_links":{"self":[{"href":"https:\/\/pbjss.edu.lv\/en\/wp-json\/wp\/v2\/posts\/34321","targetHints":{"allow":["GET"]}}],"collection":[{"href":"https:\/\/pbjss.edu.lv\/en\/wp-json\/wp\/v2\/posts"}],"about":[{"href":"https:\/\/pbjss.edu.lv\/en\/wp-json\/wp\/v2\/types\/post"}],"author":[{"embeddable":true,"href":"https:\/\/pbjss.edu.lv\/en\/wp-json\/wp\/v2\/users\/2"}],"replies":[{"embeddable":true,"href":"https:\/\/pbjss.edu.lv\/en\/wp-json\/wp\/v2\/comments?post=34321"}],"version-history":[{"count":4,"href":"https:\/\/pbjss.edu.lv\/en\/wp-json\/wp\/v2\/posts\/34321\/revisions"}],"predecessor-version":[{"id":34329,"href":"https:\/\/pbjss.edu.lv\/en\/wp-json\/wp\/v2\/posts\/34321\/revisions\/34329"}],"wp:featuredmedia":[{"embeddable":true,"href":"https:\/\/pbjss.edu.lv\/en\/wp-json\/wp\/v2\/media\/34324"}],"wp:attachment":[{"href":"https:\/\/pbjss.edu.lv\/en\/wp-json\/wp\/v2\/media?parent=34321"}],"wp:term":[{"taxonomy":"category","embeddable":true,"href":"https:\/\/pbjss.edu.lv\/en\/wp-json\/wp\/v2\/categories?post=34321"},{"taxonomy":"post_tag","embeddable":true,"href":"https:\/\/pbjss.edu.lv\/en\/wp-json\/wp\/v2\/tags?post=34321"}],"curies":[{"name":"wp","href":"https:\/\/api.w.org\/{rel}","templated":true}]}}