{"id":1857,"date":"2017-11-15T09:30:44","date_gmt":"2017-11-15T06:30:44","guid":{"rendered":"http:\/\/pbjss.edu.lv\/?p=1857"},"modified":"2017-11-15T09:32:07","modified_gmt":"2017-11-15T06:32:07","slug":"preilu-novada-cempionats-vieglatletika-telpas-2","status":"publish","type":"post","link":"https:\/\/pbjss.edu.lv\/en\/preilu-novada-cempionats-vieglatletika-telpas-2\/","title":{"rendered":"Prei\u013cu novada \u010dempion\u0101ts vieglatl\u0113tik\u0101 telp\u0101s."},"content":{"rendered":"<p>Piln\u0101 spar\u0101 rit vieglatl\u0113tu gatavo\u0161an\u0101s jaunajai 2018.gada sacens\u012bbu sezonai. Janv\u0101ra beigas \u2013 febru\u0101ris ir tas laiks, kad notiek noz\u012bm\u012bg\u0101k\u0101s valsts m\u0113roga sacens\u012bbas telp\u0101s. Jau daudzu gadu garum\u0101 decembra pirmaj\u0101 pus\u0113, lai p\u0101rbaud\u012btu sagatavo\u0161an\u0101s posma efektivit\u0101ti un jaunie\u0161u gatav\u012bbu noz\u012bm\u012bg\u0101kaj\u0101m ziemas sacens\u012bb\u0101m, m\u0113s organiz\u0113jam Prei\u013cu novada \u010dempion\u0101tu vieglatl\u0113tik\u0101 telp\u0101s. \u0160ogad tas notiks 9.decembr\u012b un ar\u012b tradicion\u0101li, ka konkurenci viet\u0113jiem \u201ekaralienes\u201d bru\u0146iniekiem sast\u0101d\u012bs ne tikai apk\u0101rt\u0113jo novadu, bet ar\u012b t\u0101l\u0101ku re\u0123ionu start\u0113t grib\u0113t\u0101ji. Iepaz\u012bstamies ar nolikumu un uz tik\u0161anos Prei\u013cu 2.vidusskolas man\u0113\u017e\u0101.<\/p>\n<p><a href=\"http:\/\/pbjss.edu.lv\/wp-content\/uploads\/20171209_vieglatletika_nolikums.pdf\" target=\"_blank\" rel=\"noopener\">Sacens\u012bbu nolikums (pdf)<\/a><\/p>\n<p>&nbsp;<\/p>\n<p>L.Valdonis \u2013 sporta pas\u0101kumu organizators.<\/p>","protected":false},"excerpt":{"rendered":"<p>Piln\u0101 spar\u0101 rit vieglatl\u0113tu gatavo\u0161an\u0101s jaunajai 2018.gada sacens\u012bbu sezonai. Janv\u0101ra beigas \u2013 febru\u0101ris ir tas laiks, kad notiek noz\u012bm\u012bg\u0101k\u0101s valsts m\u0113roga sacens\u012bbas telp\u0101s. Jau daudzu gadu garum\u0101 decembra pirmaj\u0101 pus\u0113, [&hellip;]<\/p>\n","protected":false},"author":2,"featured_media":547,"comment_status":"closed","ping_status":"open","sticky":false,"template":"","format":"standard","meta":{"_acf_changed":false,"footnotes":""},"categories":[15],"tags":[],"class_list":["post-1857","post","type-post","status-publish","format-standard","has-post-thumbnail","hentry","category-jaunumi"],"acf":[],"yoast_head":"<!-- This site is optimized with the Yoast SEO plugin v27.4 - https:\/\/yoast.com\/product\/yoast-seo-wordpress\/ -->\n<title>Prei\u013cu novada \u010dempion\u0101ts vieglatl\u0113tik\u0101 telp\u0101s. - Prei\u013cu novada b\u0113rnu un jaunie\u0161u sporta skola<\/title>\n<meta name=\"robots\" content=\"index, follow, max-snippet:-1, max-image-preview:large, max-video-preview:-1\" \/>\n<link rel=\"canonical\" href=\"https:\/\/pbjss.edu.lv\/en\/preilu-novada-cempionats-vieglatletika-telpas-2\/\" \/>\n<meta property=\"og:locale\" content=\"en_GB\" \/>\n<meta property=\"og:type\" content=\"article\" \/>\n<meta property=\"og:title\" content=\"Prei\u013cu novada \u010dempion\u0101ts vieglatl\u0113tik\u0101 telp\u0101s. - Prei\u013cu novada b\u0113rnu un jaunie\u0161u sporta skola\" \/>\n<meta property=\"og:description\" content=\"Piln\u0101 spar\u0101 rit vieglatl\u0113tu gatavo\u0161an\u0101s jaunajai 2018.gada sacens\u012bbu sezonai. Janv\u0101ra beigas \u2013 febru\u0101ris ir tas laiks, kad notiek noz\u012bm\u012bg\u0101k\u0101s valsts m\u0113roga sacens\u012bbas telp\u0101s. Jau daudzu gadu garum\u0101 decembra pirmaj\u0101 pus\u0113, [&hellip;]\" \/>\n<meta property=\"og:url\" content=\"https:\/\/pbjss.edu.lv\/en\/preilu-novada-cempionats-vieglatletika-telpas-2\/\" \/>\n<meta property=\"og:site_name\" content=\"Prei\u013cu novada b\u0113rnu un jaunie\u0161u sporta skola\" \/>\n<meta property=\"article:publisher\" content=\"https:\/\/www.facebook.com\/pbjss\/?eid=ARAe9wQ7MGM0FQFTVX7QEebpfAfe5hv7HvoN-v1Jv13lgtTNi-DDzJx16PrauJn_wRTcN6k13xTyjf4n\" \/>\n<meta property=\"article:published_time\" content=\"2017-11-15T06:30:44+00:00\" \/>\n<meta property=\"article:modified_time\" content=\"2017-11-15T06:32:07+00:00\" \/>\n<meta property=\"og:image\" content=\"https:\/\/pbjss.edu.lv\/wp-content\/uploads\/galda-tenisisti-starte-stiga-kausa-salaspili\/bjss_logo.jpg\" \/>\n\t<meta property=\"og:image:width\" content=\"1160\" \/>\n\t<meta property=\"og:image:height\" content=\"905\" \/>\n\t<meta property=\"og:image:type\" content=\"image\/jpeg\" \/>\n<meta name=\"author\" content=\"Bjss\" \/>\n<meta name=\"twitter:card\" content=\"summary_large_image\" \/>\n<meta name=\"twitter:label1\" content=\"Written by\" \/>\n\t<meta name=\"twitter:data1\" content=\"Bjss\" \/>\n\t<meta name=\"twitter:label2\" content=\"Estimated reading time\" \/>\n\t<meta name=\"twitter:data2\" content=\"1 minute\" \/>\n<script type=\"application\/ld+json\" class=\"yoast-schema-graph\">{\"@context\":\"https:\\\/\\\/schema.org\",\"@graph\":[{\"@type\":\"Article\",\"@id\":\"https:\\\/\\\/pbjss.edu.lv\\\/preilu-novada-cempionats-vieglatletika-telpas-2\\\/#article\",\"isPartOf\":{\"@id\":\"https:\\\/\\\/pbjss.edu.lv\\\/preilu-novada-cempionats-vieglatletika-telpas-2\\\/\"},\"author\":{\"name\":\"Bjss\",\"@id\":\"https:\\\/\\\/pbjss.edu.lv\\\/#\\\/schema\\\/person\\\/673500925eb2fbb01416cad4a44be9f7\"},\"headline\":\"Prei\u013cu novada \u010dempion\u0101ts vieglatl\u0113tik\u0101 telp\u0101s.\",\"datePublished\":\"2017-11-15T06:30:44+00:00\",\"dateModified\":\"2017-11-15T06:32:07+00:00\",\"mainEntityOfPage\":{\"@id\":\"https:\\\/\\\/pbjss.edu.lv\\\/preilu-novada-cempionats-vieglatletika-telpas-2\\\/\"},\"wordCount\":147,\"image\":{\"@id\":\"https:\\\/\\\/pbjss.edu.lv\\\/preilu-novada-cempionats-vieglatletika-telpas-2\\\/#primaryimage\"},\"thumbnailUrl\":\"https:\\\/\\\/pbjss.edu.lv\\\/wp-content\\\/uploads\\\/galda-tenisisti-starte-stiga-kausa-salaspili\\\/bjss_logo.jpg\",\"articleSection\":[\"Jaunumi\"],\"inLanguage\":\"en-GB\"},{\"@type\":\"WebPage\",\"@id\":\"https:\\\/\\\/pbjss.edu.lv\\\/preilu-novada-cempionats-vieglatletika-telpas-2\\\/\",\"url\":\"https:\\\/\\\/pbjss.edu.lv\\\/preilu-novada-cempionats-vieglatletika-telpas-2\\\/\",\"name\":\"Prei\u013cu novada \u010dempion\u0101ts vieglatl\u0113tik\u0101 telp\u0101s. - Prei\u013cu novada b\u0113rnu un jaunie\u0161u sporta skola\",\"isPartOf\":{\"@id\":\"https:\\\/\\\/pbjss.edu.lv\\\/#website\"},\"primaryImageOfPage\":{\"@id\":\"https:\\\/\\\/pbjss.edu.lv\\\/preilu-novada-cempionats-vieglatletika-telpas-2\\\/#primaryimage\"},\"image\":{\"@id\":\"https:\\\/\\\/pbjss.edu.lv\\\/preilu-novada-cempionats-vieglatletika-telpas-2\\\/#primaryimage\"},\"thumbnailUrl\":\"https:\\\/\\\/pbjss.edu.lv\\\/wp-content\\\/uploads\\\/galda-tenisisti-starte-stiga-kausa-salaspili\\\/bjss_logo.jpg\",\"datePublished\":\"2017-11-15T06:30:44+00:00\",\"dateModified\":\"2017-11-15T06:32:07+00:00\",\"author\":{\"@id\":\"https:\\\/\\\/pbjss.edu.lv\\\/#\\\/schema\\\/person\\\/673500925eb2fbb01416cad4a44be9f7\"},\"breadcrumb\":{\"@id\":\"https:\\\/\\\/pbjss.edu.lv\\\/preilu-novada-cempionats-vieglatletika-telpas-2\\\/#breadcrumb\"},\"inLanguage\":\"en-GB\",\"potentialAction\":[{\"@type\":\"ReadAction\",\"target\":[\"https:\\\/\\\/pbjss.edu.lv\\\/preilu-novada-cempionats-vieglatletika-telpas-2\\\/\"]}]},{\"@type\":\"ImageObject\",\"inLanguage\":\"en-GB\",\"@id\":\"https:\\\/\\\/pbjss.edu.lv\\\/preilu-novada-cempionats-vieglatletika-telpas-2\\\/#primaryimage\",\"url\":\"https:\\\/\\\/pbjss.edu.lv\\\/wp-content\\\/uploads\\\/galda-tenisisti-starte-stiga-kausa-salaspili\\\/bjss_logo.jpg\",\"contentUrl\":\"https:\\\/\\\/pbjss.edu.lv\\\/wp-content\\\/uploads\\\/galda-tenisisti-starte-stiga-kausa-salaspili\\\/bjss_logo.jpg\",\"width\":1160,\"height\":905},{\"@type\":\"BreadcrumbList\",\"@id\":\"https:\\\/\\\/pbjss.edu.lv\\\/preilu-novada-cempionats-vieglatletika-telpas-2\\\/#breadcrumb\",\"itemListElement\":[{\"@type\":\"ListItem\",\"position\":1,\"name\":\"Home\",\"item\":\"https:\\\/\\\/pbjss.edu.lv\\\/\"},{\"@type\":\"ListItem\",\"position\":2,\"name\":\"Prei\u013cu novada \u010dempion\u0101ts vieglatl\u0113tik\u0101 telp\u0101s.\"}]},{\"@type\":\"WebSite\",\"@id\":\"https:\\\/\\\/pbjss.edu.lv\\\/#website\",\"url\":\"https:\\\/\\\/pbjss.edu.lv\\\/\",\"name\":\"Prei\u013cu novada b\u0113rnu un jaunie\u0161u sporta skola\",\"description\":\"Augst\u0101k, t\u0101l\u0101k, stipr\u0101k!\",\"potentialAction\":[{\"@type\":\"SearchAction\",\"target\":{\"@type\":\"EntryPoint\",\"urlTemplate\":\"https:\\\/\\\/pbjss.edu.lv\\\/?s={search_term_string}\"},\"query-input\":{\"@type\":\"PropertyValueSpecification\",\"valueRequired\":true,\"valueName\":\"search_term_string\"}}],\"inLanguage\":\"en-GB\"},{\"@type\":\"Person\",\"@id\":\"https:\\\/\\\/pbjss.edu.lv\\\/#\\\/schema\\\/person\\\/673500925eb2fbb01416cad4a44be9f7\",\"name\":\"Bjss\",\"image\":{\"@type\":\"ImageObject\",\"inLanguage\":\"en-GB\",\"@id\":\"https:\\\/\\\/secure.gravatar.com\\\/avatar\\\/41520995a420163723678647f92d22a050ef556c35cdb598ea5659b018a440f8?s=96&d=mm&r=g\",\"url\":\"https:\\\/\\\/secure.gravatar.com\\\/avatar\\\/41520995a420163723678647f92d22a050ef556c35cdb598ea5659b018a440f8?s=96&d=mm&r=g\",\"contentUrl\":\"https:\\\/\\\/secure.gravatar.com\\\/avatar\\\/41520995a420163723678647f92d22a050ef556c35cdb598ea5659b018a440f8?s=96&d=mm&r=g\",\"caption\":\"Bjss\"},\"url\":\"https:\\\/\\\/pbjss.edu.lv\\\/en\\\/author\\\/ivars\\\/\"}]}<\/script>\n<!-- \/ Yoast SEO plugin. -->","yoast_head_json":{"title":"Prei\u013cu novada \u010dempion\u0101ts vieglatl\u0113tik\u0101 telp\u0101s. - Prei\u013cu novada b\u0113rnu un jaunie\u0161u sporta skola","robots":{"index":"index","follow":"follow","max-snippet":"max-snippet:-1","max-image-preview":"max-image-preview:large","max-video-preview":"max-video-preview:-1"},"canonical":"https:\/\/pbjss.edu.lv\/en\/preilu-novada-cempionats-vieglatletika-telpas-2\/","og_locale":"en_GB","og_type":"article","og_title":"Prei\u013cu novada \u010dempion\u0101ts vieglatl\u0113tik\u0101 telp\u0101s. - Prei\u013cu novada b\u0113rnu un jaunie\u0161u sporta skola","og_description":"Piln\u0101 spar\u0101 rit vieglatl\u0113tu gatavo\u0161an\u0101s jaunajai 2018.gada sacens\u012bbu sezonai. Janv\u0101ra beigas \u2013 febru\u0101ris ir tas laiks, kad notiek noz\u012bm\u012bg\u0101k\u0101s valsts m\u0113roga sacens\u012bbas telp\u0101s. Jau daudzu gadu garum\u0101 decembra pirmaj\u0101 pus\u0113, [&hellip;]","og_url":"https:\/\/pbjss.edu.lv\/en\/preilu-novada-cempionats-vieglatletika-telpas-2\/","og_site_name":"Prei\u013cu novada b\u0113rnu un jaunie\u0161u sporta skola","article_publisher":"https:\/\/www.facebook.com\/pbjss\/?eid=ARAe9wQ7MGM0FQFTVX7QEebpfAfe5hv7HvoN-v1Jv13lgtTNi-DDzJx16PrauJn_wRTcN6k13xTyjf4n","article_published_time":"2017-11-15T06:30:44+00:00","article_modified_time":"2017-11-15T06:32:07+00:00","og_image":[{"width":1160,"height":905,"url":"https:\/\/pbjss.edu.lv\/wp-content\/uploads\/galda-tenisisti-starte-stiga-kausa-salaspili\/bjss_logo.jpg","type":"image\/jpeg"}],"author":"Bjss","twitter_card":"summary_large_image","twitter_misc":{"Written by":"Bjss","Estimated reading time":"1 minute"},"schema":{"@context":"https:\/\/schema.org","@graph":[{"@type":"Article","@id":"https:\/\/pbjss.edu.lv\/preilu-novada-cempionats-vieglatletika-telpas-2\/#article","isPartOf":{"@id":"https:\/\/pbjss.edu.lv\/preilu-novada-cempionats-vieglatletika-telpas-2\/"},"author":{"name":"Bjss","@id":"https:\/\/pbjss.edu.lv\/#\/schema\/person\/673500925eb2fbb01416cad4a44be9f7"},"headline":"Prei\u013cu novada \u010dempion\u0101ts vieglatl\u0113tik\u0101 telp\u0101s.","datePublished":"2017-11-15T06:30:44+00:00","dateModified":"2017-11-15T06:32:07+00:00","mainEntityOfPage":{"@id":"https:\/\/pbjss.edu.lv\/preilu-novada-cempionats-vieglatletika-telpas-2\/"},"wordCount":147,"image":{"@id":"https:\/\/pbjss.edu.lv\/preilu-novada-cempionats-vieglatletika-telpas-2\/#primaryimage"},"thumbnailUrl":"https:\/\/pbjss.edu.lv\/wp-content\/uploads\/galda-tenisisti-starte-stiga-kausa-salaspili\/bjss_logo.jpg","articleSection":["Jaunumi"],"inLanguage":"en-GB"},{"@type":"WebPage","@id":"https:\/\/pbjss.edu.lv\/preilu-novada-cempionats-vieglatletika-telpas-2\/","url":"https:\/\/pbjss.edu.lv\/preilu-novada-cempionats-vieglatletika-telpas-2\/","name":"Prei\u013cu novada \u010dempion\u0101ts vieglatl\u0113tik\u0101 telp\u0101s. - Prei\u013cu novada b\u0113rnu un jaunie\u0161u sporta skola","isPartOf":{"@id":"https:\/\/pbjss.edu.lv\/#website"},"primaryImageOfPage":{"@id":"https:\/\/pbjss.edu.lv\/preilu-novada-cempionats-vieglatletika-telpas-2\/#primaryimage"},"image":{"@id":"https:\/\/pbjss.edu.lv\/preilu-novada-cempionats-vieglatletika-telpas-2\/#primaryimage"},"thumbnailUrl":"https:\/\/pbjss.edu.lv\/wp-content\/uploads\/galda-tenisisti-starte-stiga-kausa-salaspili\/bjss_logo.jpg","datePublished":"2017-11-15T06:30:44+00:00","dateModified":"2017-11-15T06:32:07+00:00","author":{"@id":"https:\/\/pbjss.edu.lv\/#\/schema\/person\/673500925eb2fbb01416cad4a44be9f7"},"breadcrumb":{"@id":"https:\/\/pbjss.edu.lv\/preilu-novada-cempionats-vieglatletika-telpas-2\/#breadcrumb"},"inLanguage":"en-GB","potentialAction":[{"@type":"ReadAction","target":["https:\/\/pbjss.edu.lv\/preilu-novada-cempionats-vieglatletika-telpas-2\/"]}]},{"@type":"ImageObject","inLanguage":"en-GB","@id":"https:\/\/pbjss.edu.lv\/preilu-novada-cempionats-vieglatletika-telpas-2\/#primaryimage","url":"https:\/\/pbjss.edu.lv\/wp-content\/uploads\/galda-tenisisti-starte-stiga-kausa-salaspili\/bjss_logo.jpg","contentUrl":"https:\/\/pbjss.edu.lv\/wp-content\/uploads\/galda-tenisisti-starte-stiga-kausa-salaspili\/bjss_logo.jpg","width":1160,"height":905},{"@type":"BreadcrumbList","@id":"https:\/\/pbjss.edu.lv\/preilu-novada-cempionats-vieglatletika-telpas-2\/#breadcrumb","itemListElement":[{"@type":"ListItem","position":1,"name":"Home","item":"https:\/\/pbjss.edu.lv\/"},{"@type":"ListItem","position":2,"name":"Prei\u013cu novada \u010dempion\u0101ts vieglatl\u0113tik\u0101 telp\u0101s."}]},{"@type":"WebSite","@id":"https:\/\/pbjss.edu.lv\/#website","url":"https:\/\/pbjss.edu.lv\/","name":"Prei\u013cu novada b\u0113rnu un jaunie\u0161u sporta skola","description":"Augst\u0101k, t\u0101l\u0101k, stipr\u0101k!","potentialAction":[{"@type":"SearchAction","target":{"@type":"EntryPoint","urlTemplate":"https:\/\/pbjss.edu.lv\/?s={search_term_string}"},"query-input":{"@type":"PropertyValueSpecification","valueRequired":true,"valueName":"search_term_string"}}],"inLanguage":"en-GB"},{"@type":"Person","@id":"https:\/\/pbjss.edu.lv\/#\/schema\/person\/673500925eb2fbb01416cad4a44be9f7","name":"Bjss","image":{"@type":"ImageObject","inLanguage":"en-GB","@id":"https:\/\/secure.gravatar.com\/avatar\/41520995a420163723678647f92d22a050ef556c35cdb598ea5659b018a440f8?s=96&d=mm&r=g","url":"https:\/\/secure.gravatar.com\/avatar\/41520995a420163723678647f92d22a050ef556c35cdb598ea5659b018a440f8?s=96&d=mm&r=g","contentUrl":"https:\/\/secure.gravatar.com\/avatar\/41520995a420163723678647f92d22a050ef556c35cdb598ea5659b018a440f8?s=96&d=mm&r=g","caption":"Bjss"},"url":"https:\/\/pbjss.edu.lv\/en\/author\/ivars\/"}]}},"_links":{"self":[{"href":"https:\/\/pbjss.edu.lv\/en\/wp-json\/wp\/v2\/posts\/1857","targetHints":{"allow":["GET"]}}],"collection":[{"href":"https:\/\/pbjss.edu.lv\/en\/wp-json\/wp\/v2\/posts"}],"about":[{"href":"https:\/\/pbjss.edu.lv\/en\/wp-json\/wp\/v2\/types\/post"}],"author":[{"embeddable":true,"href":"https:\/\/pbjss.edu.lv\/en\/wp-json\/wp\/v2\/users\/2"}],"replies":[{"embeddable":true,"href":"https:\/\/pbjss.edu.lv\/en\/wp-json\/wp\/v2\/comments?post=1857"}],"version-history":[{"count":2,"href":"https:\/\/pbjss.edu.lv\/en\/wp-json\/wp\/v2\/posts\/1857\/revisions"}],"predecessor-version":[{"id":1860,"href":"https:\/\/pbjss.edu.lv\/en\/wp-json\/wp\/v2\/posts\/1857\/revisions\/1860"}],"wp:featuredmedia":[{"embeddable":true,"href":"https:\/\/pbjss.edu.lv\/en\/wp-json\/wp\/v2\/media\/547"}],"wp:attachment":[{"href":"https:\/\/pbjss.edu.lv\/en\/wp-json\/wp\/v2\/media?parent=1857"}],"wp:term":[{"taxonomy":"category","embeddable":true,"href":"https:\/\/pbjss.edu.lv\/en\/wp-json\/wp\/v2\/categories?post=1857"},{"taxonomy":"post_tag","embeddable":true,"href":"https:\/\/pbjss.edu.lv\/en\/wp-json\/wp\/v2\/tags?post=1857"}],"curies":[{"name":"wp","href":"https:\/\/api.w.org\/{rel}","templated":true}]}}