{"id":1436,"date":"2017-07-29T09:55:53","date_gmt":"2017-07-29T06:55:53","guid":{"rendered":"http:\/\/pbjss.edu.lv\/?p=1436"},"modified":"2017-07-29T09:55:53","modified_gmt":"2017-07-29T06:55:53","slug":"rudolfam-vucanam-eiropas-u-20-cempionata-italija-kartsleksana-atkartots-personigais-rezultats-5metri","status":"publish","type":"post","link":"https:\/\/pbjss.edu.lv\/en\/rudolfam-vucanam-eiropas-u-20-cempionata-italija-kartsleksana-atkartots-personigais-rezultats-5metri\/","title":{"rendered":"R\u016bdolfam Vuc\u0101nam Eiropas U 20 \u010dempion\u0101t\u0101 It\u0101lij\u0101 k\u0101rtsl\u0113k\u0161an\u0101 atk\u0101rtots person\u012bgais rezult\u0101ts 5metri"},"content":{"rendered":"<p>No 20.l\u012bdz 23.j\u016blijam,It\u0101lij\u0101 notika Eiropas U20 \u010dempion\u0101ts vieglatl\u0113tik\u0101. Mazliet pietr\u016bka R\u016bdolfam Vuc\u0101nam lai tiktu divpadsmit fin\u0101listus vid\u016b. Kvalifik\u0101cijas sacens\u012bbas R\u016bdolfs p\u0101rleca 5metru augstuma lati\u0146u un ar \u0161o rezult\u0101tu 34 dal\u012bbnieku konkurenc\u0113 izc\u012bn\u012bja 19.vietu.<\/p>\n<p>Un ko pats R\u016bdolfs saka par savu startu Eiropas U 20 \u010dempion\u0101t\u0101 : <strong><em>\u201c<\/em><\/strong><strong><em> Jau pag\u0101jis laiks kop\u0161 mana starta Eiropas \u010dempion\u0101t\u0101. Lai gan esmu sal\u0113cis to ,ko no manis gaid\u012bja, j\u016btu , ka var\u0113ju stipri lab\u0101k, pie\u013c\u0101vu amatieru k\u013c\u016bdu, kuras d\u0113\u013c nep\u0101rl\u0113cu 5.10 m augstumu un neiek\u013cuvu fin\u0101lsacens\u012bb\u0101s. Paldies visiem maniem atbalst\u012btajiem, cer\u0113\u0161u uz j\u016bsu atbalstu n\u0101ko\u0161gad pasaules \u010dempion\u0101t\u0101 Tamper\u0113.\u201d<\/em><\/strong><\/p>\n<p><em>Inform\u0101ciju sagatavoja<\/em><br \/>\n<em>Prei\u013cu novada BJSS metodi\u0137e Viktorija Nei\u0161tadte<\/em><\/p>\n<p><img loading=\"lazy\" decoding=\"async\" class=\"alignnone wp-image-1439 size-full\" src=\"http:\/\/pbjss.edu.lv\/wp-content\/uploads\/rudolfam-vucanam-eiropas-u-20-cempionata-italija-kartsleksana-atkartots-personigais-rezultats-5metri\/20170729_vucans.jpg\" alt=\"\" width=\"640\" height=\"960\" srcset=\"https:\/\/pbjss.edu.lv\/wp-content\/uploads\/rudolfam-vucanam-eiropas-u-20-cempionata-italija-kartsleksana-atkartots-personigais-rezultats-5metri\/20170729_vucans.jpg 640w, https:\/\/pbjss.edu.lv\/wp-content\/uploads\/rudolfam-vucanam-eiropas-u-20-cempionata-italija-kartsleksana-atkartots-personigais-rezultats-5metri\/20170729_vucans-200x300.jpg 200w\" sizes=\"auto, (max-width: 640px) 100vw, 640px\" \/><\/p>","protected":false},"excerpt":{"rendered":"<p>No 20.l\u012bdz 23.j\u016blijam,It\u0101lij\u0101 notika Eiropas U20 \u010dempion\u0101ts vieglatl\u0113tik\u0101. Mazliet pietr\u016bka R\u016bdolfam Vuc\u0101nam lai tiktu divpadsmit fin\u0101listus vid\u016b. Kvalifik\u0101cijas sacens\u012bbas R\u016bdolfs p\u0101rleca 5metru augstuma lati\u0146u un ar \u0161o rezult\u0101tu 34 dal\u012bbnieku [&hellip;]<\/p>\n","protected":false},"author":2,"featured_media":1438,"comment_status":"closed","ping_status":"open","sticky":false,"template":"","format":"standard","meta":{"_acf_changed":false,"footnotes":""},"categories":[15],"tags":[],"class_list":["post-1436","post","type-post","status-publish","format-standard","has-post-thumbnail","hentry","category-jaunumi"],"acf":[],"yoast_head":"<!-- This site is optimized with the Yoast SEO plugin v27.5 - https:\/\/yoast.com\/product\/yoast-seo-wordpress\/ -->\n<title>R\u016bdolfam Vuc\u0101nam Eiropas U 20 \u010dempion\u0101t\u0101 It\u0101lij\u0101 k\u0101rtsl\u0113k\u0161an\u0101 atk\u0101rtots person\u012bgais rezult\u0101ts 5metri - Prei\u013cu novada b\u0113rnu un jaunie\u0161u sporta skola<\/title>\n<meta name=\"robots\" content=\"index, follow, max-snippet:-1, max-image-preview:large, max-video-preview:-1\" \/>\n<link rel=\"canonical\" href=\"https:\/\/pbjss.edu.lv\/en\/rudolfam-vucanam-eiropas-u-20-cempionata-italija-kartsleksana-atkartots-personigais-rezultats-5metri\/\" \/>\n<meta property=\"og:locale\" content=\"en_GB\" \/>\n<meta property=\"og:type\" content=\"article\" \/>\n<meta property=\"og:title\" content=\"R\u016bdolfam Vuc\u0101nam Eiropas U 20 \u010dempion\u0101t\u0101 It\u0101lij\u0101 k\u0101rtsl\u0113k\u0161an\u0101 atk\u0101rtots person\u012bgais rezult\u0101ts 5metri - Prei\u013cu novada b\u0113rnu un jaunie\u0161u sporta skola\" \/>\n<meta property=\"og:description\" content=\"No 20.l\u012bdz 23.j\u016blijam,It\u0101lij\u0101 notika Eiropas U20 \u010dempion\u0101ts vieglatl\u0113tik\u0101. Mazliet pietr\u016bka R\u016bdolfam Vuc\u0101nam lai tiktu divpadsmit fin\u0101listus vid\u016b. Kvalifik\u0101cijas sacens\u012bbas R\u016bdolfs p\u0101rleca 5metru augstuma lati\u0146u un ar \u0161o rezult\u0101tu 34 dal\u012bbnieku [&hellip;]\" \/>\n<meta property=\"og:url\" content=\"https:\/\/pbjss.edu.lv\/en\/rudolfam-vucanam-eiropas-u-20-cempionata-italija-kartsleksana-atkartots-personigais-rezultats-5metri\/\" \/>\n<meta property=\"og:site_name\" content=\"Prei\u013cu novada b\u0113rnu un jaunie\u0161u sporta skola\" \/>\n<meta property=\"article:publisher\" content=\"https:\/\/www.facebook.com\/pbjss\/?eid=ARAe9wQ7MGM0FQFTVX7QEebpfAfe5hv7HvoN-v1Jv13lgtTNi-DDzJx16PrauJn_wRTcN6k13xTyjf4n\" \/>\n<meta property=\"article:published_time\" content=\"2017-07-29T06:55:53+00:00\" \/>\n<meta property=\"og:image\" content=\"https:\/\/pbjss.edu.lv\/wp-content\/uploads\/rudolfam-vucanam-eiropas-u-20-cempionata-italija-kartsleksana-atkartots-personigais-rezultats-5metri\/20170729_vucans_1.jpg\" \/>\n\t<meta property=\"og:image:width\" content=\"640\" \/>\n\t<meta property=\"og:image:height\" content=\"604\" \/>\n\t<meta property=\"og:image:type\" content=\"image\/jpeg\" \/>\n<meta name=\"author\" content=\"Bjss\" \/>\n<meta name=\"twitter:card\" content=\"summary_large_image\" \/>\n<meta name=\"twitter:label1\" content=\"Written by\" \/>\n\t<meta name=\"twitter:data1\" content=\"Bjss\" \/>\n\t<meta name=\"twitter:label2\" content=\"Estimated reading time\" \/>\n\t<meta name=\"twitter:data2\" content=\"1 minute\" \/>\n<script type=\"application\/ld+json\" class=\"yoast-schema-graph\">{\"@context\":\"https:\\\/\\\/schema.org\",\"@graph\":[{\"@type\":\"Article\",\"@id\":\"https:\\\/\\\/pbjss.edu.lv\\\/rudolfam-vucanam-eiropas-u-20-cempionata-italija-kartsleksana-atkartots-personigais-rezultats-5metri\\\/#article\",\"isPartOf\":{\"@id\":\"https:\\\/\\\/pbjss.edu.lv\\\/rudolfam-vucanam-eiropas-u-20-cempionata-italija-kartsleksana-atkartots-personigais-rezultats-5metri\\\/\"},\"author\":{\"name\":\"Bjss\",\"@id\":\"https:\\\/\\\/pbjss.edu.lv\\\/#\\\/schema\\\/person\\\/673500925eb2fbb01416cad4a44be9f7\"},\"headline\":\"R\u016bdolfam Vuc\u0101nam Eiropas U 20 \u010dempion\u0101t\u0101 It\u0101lij\u0101 k\u0101rtsl\u0113k\u0161an\u0101 atk\u0101rtots person\u012bgais rezult\u0101ts 5metri\",\"datePublished\":\"2017-07-29T06:55:53+00:00\",\"mainEntityOfPage\":{\"@id\":\"https:\\\/\\\/pbjss.edu.lv\\\/rudolfam-vucanam-eiropas-u-20-cempionata-italija-kartsleksana-atkartots-personigais-rezultats-5metri\\\/\"},\"wordCount\":163,\"image\":{\"@id\":\"https:\\\/\\\/pbjss.edu.lv\\\/rudolfam-vucanam-eiropas-u-20-cempionata-italija-kartsleksana-atkartots-personigais-rezultats-5metri\\\/#primaryimage\"},\"thumbnailUrl\":\"https:\\\/\\\/pbjss.edu.lv\\\/wp-content\\\/uploads\\\/rudolfam-vucanam-eiropas-u-20-cempionata-italija-kartsleksana-atkartots-personigais-rezultats-5metri\\\/20170729_vucans_1.jpg\",\"articleSection\":[\"Jaunumi\"],\"inLanguage\":\"en-GB\"},{\"@type\":\"WebPage\",\"@id\":\"https:\\\/\\\/pbjss.edu.lv\\\/rudolfam-vucanam-eiropas-u-20-cempionata-italija-kartsleksana-atkartots-personigais-rezultats-5metri\\\/\",\"url\":\"https:\\\/\\\/pbjss.edu.lv\\\/rudolfam-vucanam-eiropas-u-20-cempionata-italija-kartsleksana-atkartots-personigais-rezultats-5metri\\\/\",\"name\":\"R\u016bdolfam Vuc\u0101nam Eiropas U 20 \u010dempion\u0101t\u0101 It\u0101lij\u0101 k\u0101rtsl\u0113k\u0161an\u0101 atk\u0101rtots person\u012bgais rezult\u0101ts 5metri - Prei\u013cu novada b\u0113rnu un jaunie\u0161u sporta skola\",\"isPartOf\":{\"@id\":\"https:\\\/\\\/pbjss.edu.lv\\\/#website\"},\"primaryImageOfPage\":{\"@id\":\"https:\\\/\\\/pbjss.edu.lv\\\/rudolfam-vucanam-eiropas-u-20-cempionata-italija-kartsleksana-atkartots-personigais-rezultats-5metri\\\/#primaryimage\"},\"image\":{\"@id\":\"https:\\\/\\\/pbjss.edu.lv\\\/rudolfam-vucanam-eiropas-u-20-cempionata-italija-kartsleksana-atkartots-personigais-rezultats-5metri\\\/#primaryimage\"},\"thumbnailUrl\":\"https:\\\/\\\/pbjss.edu.lv\\\/wp-content\\\/uploads\\\/rudolfam-vucanam-eiropas-u-20-cempionata-italija-kartsleksana-atkartots-personigais-rezultats-5metri\\\/20170729_vucans_1.jpg\",\"datePublished\":\"2017-07-29T06:55:53+00:00\",\"author\":{\"@id\":\"https:\\\/\\\/pbjss.edu.lv\\\/#\\\/schema\\\/person\\\/673500925eb2fbb01416cad4a44be9f7\"},\"breadcrumb\":{\"@id\":\"https:\\\/\\\/pbjss.edu.lv\\\/rudolfam-vucanam-eiropas-u-20-cempionata-italija-kartsleksana-atkartots-personigais-rezultats-5metri\\\/#breadcrumb\"},\"inLanguage\":\"en-GB\",\"potentialAction\":[{\"@type\":\"ReadAction\",\"target\":[\"https:\\\/\\\/pbjss.edu.lv\\\/rudolfam-vucanam-eiropas-u-20-cempionata-italija-kartsleksana-atkartots-personigais-rezultats-5metri\\\/\"]}]},{\"@type\":\"ImageObject\",\"inLanguage\":\"en-GB\",\"@id\":\"https:\\\/\\\/pbjss.edu.lv\\\/rudolfam-vucanam-eiropas-u-20-cempionata-italija-kartsleksana-atkartots-personigais-rezultats-5metri\\\/#primaryimage\",\"url\":\"https:\\\/\\\/pbjss.edu.lv\\\/wp-content\\\/uploads\\\/rudolfam-vucanam-eiropas-u-20-cempionata-italija-kartsleksana-atkartots-personigais-rezultats-5metri\\\/20170729_vucans_1.jpg\",\"contentUrl\":\"https:\\\/\\\/pbjss.edu.lv\\\/wp-content\\\/uploads\\\/rudolfam-vucanam-eiropas-u-20-cempionata-italija-kartsleksana-atkartots-personigais-rezultats-5metri\\\/20170729_vucans_1.jpg\",\"width\":640,\"height\":604},{\"@type\":\"BreadcrumbList\",\"@id\":\"https:\\\/\\\/pbjss.edu.lv\\\/rudolfam-vucanam-eiropas-u-20-cempionata-italija-kartsleksana-atkartots-personigais-rezultats-5metri\\\/#breadcrumb\",\"itemListElement\":[{\"@type\":\"ListItem\",\"position\":1,\"name\":\"Home\",\"item\":\"https:\\\/\\\/pbjss.edu.lv\\\/\"},{\"@type\":\"ListItem\",\"position\":2,\"name\":\"R\u016bdolfam Vuc\u0101nam Eiropas U 20 \u010dempion\u0101t\u0101 It\u0101lij\u0101 k\u0101rtsl\u0113k\u0161an\u0101 atk\u0101rtots person\u012bgais rezult\u0101ts 5metri\"}]},{\"@type\":\"WebSite\",\"@id\":\"https:\\\/\\\/pbjss.edu.lv\\\/#website\",\"url\":\"https:\\\/\\\/pbjss.edu.lv\\\/\",\"name\":\"Prei\u013cu novada b\u0113rnu un jaunie\u0161u sporta skola\",\"description\":\"Augst\u0101k, t\u0101l\u0101k, stipr\u0101k!\",\"potentialAction\":[{\"@type\":\"SearchAction\",\"target\":{\"@type\":\"EntryPoint\",\"urlTemplate\":\"https:\\\/\\\/pbjss.edu.lv\\\/?s={search_term_string}\"},\"query-input\":{\"@type\":\"PropertyValueSpecification\",\"valueRequired\":true,\"valueName\":\"search_term_string\"}}],\"inLanguage\":\"en-GB\"},{\"@type\":\"Person\",\"@id\":\"https:\\\/\\\/pbjss.edu.lv\\\/#\\\/schema\\\/person\\\/673500925eb2fbb01416cad4a44be9f7\",\"name\":\"Bjss\",\"image\":{\"@type\":\"ImageObject\",\"inLanguage\":\"en-GB\",\"@id\":\"https:\\\/\\\/secure.gravatar.com\\\/avatar\\\/41520995a420163723678647f92d22a050ef556c35cdb598ea5659b018a440f8?s=96&d=mm&r=g\",\"url\":\"https:\\\/\\\/secure.gravatar.com\\\/avatar\\\/41520995a420163723678647f92d22a050ef556c35cdb598ea5659b018a440f8?s=96&d=mm&r=g\",\"contentUrl\":\"https:\\\/\\\/secure.gravatar.com\\\/avatar\\\/41520995a420163723678647f92d22a050ef556c35cdb598ea5659b018a440f8?s=96&d=mm&r=g\",\"caption\":\"Bjss\"},\"url\":\"https:\\\/\\\/pbjss.edu.lv\\\/en\\\/author\\\/ivars\\\/\"}]}<\/script>\n<!-- \/ Yoast SEO plugin. -->","yoast_head_json":{"title":"R\u016bdolfam Vuc\u0101nam Eiropas U 20 \u010dempion\u0101t\u0101 It\u0101lij\u0101 k\u0101rtsl\u0113k\u0161an\u0101 atk\u0101rtots person\u012bgais rezult\u0101ts 5metri - Prei\u013cu novada b\u0113rnu un jaunie\u0161u sporta skola","robots":{"index":"index","follow":"follow","max-snippet":"max-snippet:-1","max-image-preview":"max-image-preview:large","max-video-preview":"max-video-preview:-1"},"canonical":"https:\/\/pbjss.edu.lv\/en\/rudolfam-vucanam-eiropas-u-20-cempionata-italija-kartsleksana-atkartots-personigais-rezultats-5metri\/","og_locale":"en_GB","og_type":"article","og_title":"R\u016bdolfam Vuc\u0101nam Eiropas U 20 \u010dempion\u0101t\u0101 It\u0101lij\u0101 k\u0101rtsl\u0113k\u0161an\u0101 atk\u0101rtots person\u012bgais rezult\u0101ts 5metri - Prei\u013cu novada b\u0113rnu un jaunie\u0161u sporta skola","og_description":"No 20.l\u012bdz 23.j\u016blijam,It\u0101lij\u0101 notika Eiropas U20 \u010dempion\u0101ts vieglatl\u0113tik\u0101. Mazliet pietr\u016bka R\u016bdolfam Vuc\u0101nam lai tiktu divpadsmit fin\u0101listus vid\u016b. Kvalifik\u0101cijas sacens\u012bbas R\u016bdolfs p\u0101rleca 5metru augstuma lati\u0146u un ar \u0161o rezult\u0101tu 34 dal\u012bbnieku [&hellip;]","og_url":"https:\/\/pbjss.edu.lv\/en\/rudolfam-vucanam-eiropas-u-20-cempionata-italija-kartsleksana-atkartots-personigais-rezultats-5metri\/","og_site_name":"Prei\u013cu novada b\u0113rnu un jaunie\u0161u sporta skola","article_publisher":"https:\/\/www.facebook.com\/pbjss\/?eid=ARAe9wQ7MGM0FQFTVX7QEebpfAfe5hv7HvoN-v1Jv13lgtTNi-DDzJx16PrauJn_wRTcN6k13xTyjf4n","article_published_time":"2017-07-29T06:55:53+00:00","og_image":[{"width":640,"height":604,"url":"https:\/\/pbjss.edu.lv\/wp-content\/uploads\/rudolfam-vucanam-eiropas-u-20-cempionata-italija-kartsleksana-atkartots-personigais-rezultats-5metri\/20170729_vucans_1.jpg","type":"image\/jpeg"}],"author":"Bjss","twitter_card":"summary_large_image","twitter_misc":{"Written by":"Bjss","Estimated reading time":"1 minute"},"schema":{"@context":"https:\/\/schema.org","@graph":[{"@type":"Article","@id":"https:\/\/pbjss.edu.lv\/rudolfam-vucanam-eiropas-u-20-cempionata-italija-kartsleksana-atkartots-personigais-rezultats-5metri\/#article","isPartOf":{"@id":"https:\/\/pbjss.edu.lv\/rudolfam-vucanam-eiropas-u-20-cempionata-italija-kartsleksana-atkartots-personigais-rezultats-5metri\/"},"author":{"name":"Bjss","@id":"https:\/\/pbjss.edu.lv\/#\/schema\/person\/673500925eb2fbb01416cad4a44be9f7"},"headline":"R\u016bdolfam Vuc\u0101nam Eiropas U 20 \u010dempion\u0101t\u0101 It\u0101lij\u0101 k\u0101rtsl\u0113k\u0161an\u0101 atk\u0101rtots person\u012bgais rezult\u0101ts 5metri","datePublished":"2017-07-29T06:55:53+00:00","mainEntityOfPage":{"@id":"https:\/\/pbjss.edu.lv\/rudolfam-vucanam-eiropas-u-20-cempionata-italija-kartsleksana-atkartots-personigais-rezultats-5metri\/"},"wordCount":163,"image":{"@id":"https:\/\/pbjss.edu.lv\/rudolfam-vucanam-eiropas-u-20-cempionata-italija-kartsleksana-atkartots-personigais-rezultats-5metri\/#primaryimage"},"thumbnailUrl":"https:\/\/pbjss.edu.lv\/wp-content\/uploads\/rudolfam-vucanam-eiropas-u-20-cempionata-italija-kartsleksana-atkartots-personigais-rezultats-5metri\/20170729_vucans_1.jpg","articleSection":["Jaunumi"],"inLanguage":"en-GB"},{"@type":"WebPage","@id":"https:\/\/pbjss.edu.lv\/rudolfam-vucanam-eiropas-u-20-cempionata-italija-kartsleksana-atkartots-personigais-rezultats-5metri\/","url":"https:\/\/pbjss.edu.lv\/rudolfam-vucanam-eiropas-u-20-cempionata-italija-kartsleksana-atkartots-personigais-rezultats-5metri\/","name":"R\u016bdolfam Vuc\u0101nam Eiropas U 20 \u010dempion\u0101t\u0101 It\u0101lij\u0101 k\u0101rtsl\u0113k\u0161an\u0101 atk\u0101rtots person\u012bgais rezult\u0101ts 5metri - Prei\u013cu novada b\u0113rnu un jaunie\u0161u sporta skola","isPartOf":{"@id":"https:\/\/pbjss.edu.lv\/#website"},"primaryImageOfPage":{"@id":"https:\/\/pbjss.edu.lv\/rudolfam-vucanam-eiropas-u-20-cempionata-italija-kartsleksana-atkartots-personigais-rezultats-5metri\/#primaryimage"},"image":{"@id":"https:\/\/pbjss.edu.lv\/rudolfam-vucanam-eiropas-u-20-cempionata-italija-kartsleksana-atkartots-personigais-rezultats-5metri\/#primaryimage"},"thumbnailUrl":"https:\/\/pbjss.edu.lv\/wp-content\/uploads\/rudolfam-vucanam-eiropas-u-20-cempionata-italija-kartsleksana-atkartots-personigais-rezultats-5metri\/20170729_vucans_1.jpg","datePublished":"2017-07-29T06:55:53+00:00","author":{"@id":"https:\/\/pbjss.edu.lv\/#\/schema\/person\/673500925eb2fbb01416cad4a44be9f7"},"breadcrumb":{"@id":"https:\/\/pbjss.edu.lv\/rudolfam-vucanam-eiropas-u-20-cempionata-italija-kartsleksana-atkartots-personigais-rezultats-5metri\/#breadcrumb"},"inLanguage":"en-GB","potentialAction":[{"@type":"ReadAction","target":["https:\/\/pbjss.edu.lv\/rudolfam-vucanam-eiropas-u-20-cempionata-italija-kartsleksana-atkartots-personigais-rezultats-5metri\/"]}]},{"@type":"ImageObject","inLanguage":"en-GB","@id":"https:\/\/pbjss.edu.lv\/rudolfam-vucanam-eiropas-u-20-cempionata-italija-kartsleksana-atkartots-personigais-rezultats-5metri\/#primaryimage","url":"https:\/\/pbjss.edu.lv\/wp-content\/uploads\/rudolfam-vucanam-eiropas-u-20-cempionata-italija-kartsleksana-atkartots-personigais-rezultats-5metri\/20170729_vucans_1.jpg","contentUrl":"https:\/\/pbjss.edu.lv\/wp-content\/uploads\/rudolfam-vucanam-eiropas-u-20-cempionata-italija-kartsleksana-atkartots-personigais-rezultats-5metri\/20170729_vucans_1.jpg","width":640,"height":604},{"@type":"BreadcrumbList","@id":"https:\/\/pbjss.edu.lv\/rudolfam-vucanam-eiropas-u-20-cempionata-italija-kartsleksana-atkartots-personigais-rezultats-5metri\/#breadcrumb","itemListElement":[{"@type":"ListItem","position":1,"name":"Home","item":"https:\/\/pbjss.edu.lv\/"},{"@type":"ListItem","position":2,"name":"R\u016bdolfam Vuc\u0101nam Eiropas U 20 \u010dempion\u0101t\u0101 It\u0101lij\u0101 k\u0101rtsl\u0113k\u0161an\u0101 atk\u0101rtots person\u012bgais rezult\u0101ts 5metri"}]},{"@type":"WebSite","@id":"https:\/\/pbjss.edu.lv\/#website","url":"https:\/\/pbjss.edu.lv\/","name":"Prei\u013cu novada b\u0113rnu un jaunie\u0161u sporta skola","description":"Augst\u0101k, t\u0101l\u0101k, stipr\u0101k!","potentialAction":[{"@type":"SearchAction","target":{"@type":"EntryPoint","urlTemplate":"https:\/\/pbjss.edu.lv\/?s={search_term_string}"},"query-input":{"@type":"PropertyValueSpecification","valueRequired":true,"valueName":"search_term_string"}}],"inLanguage":"en-GB"},{"@type":"Person","@id":"https:\/\/pbjss.edu.lv\/#\/schema\/person\/673500925eb2fbb01416cad4a44be9f7","name":"Bjss","image":{"@type":"ImageObject","inLanguage":"en-GB","@id":"https:\/\/secure.gravatar.com\/avatar\/41520995a420163723678647f92d22a050ef556c35cdb598ea5659b018a440f8?s=96&d=mm&r=g","url":"https:\/\/secure.gravatar.com\/avatar\/41520995a420163723678647f92d22a050ef556c35cdb598ea5659b018a440f8?s=96&d=mm&r=g","contentUrl":"https:\/\/secure.gravatar.com\/avatar\/41520995a420163723678647f92d22a050ef556c35cdb598ea5659b018a440f8?s=96&d=mm&r=g","caption":"Bjss"},"url":"https:\/\/pbjss.edu.lv\/en\/author\/ivars\/"}]}},"_links":{"self":[{"href":"https:\/\/pbjss.edu.lv\/en\/wp-json\/wp\/v2\/posts\/1436","targetHints":{"allow":["GET"]}}],"collection":[{"href":"https:\/\/pbjss.edu.lv\/en\/wp-json\/wp\/v2\/posts"}],"about":[{"href":"https:\/\/pbjss.edu.lv\/en\/wp-json\/wp\/v2\/types\/post"}],"author":[{"embeddable":true,"href":"https:\/\/pbjss.edu.lv\/en\/wp-json\/wp\/v2\/users\/2"}],"replies":[{"embeddable":true,"href":"https:\/\/pbjss.edu.lv\/en\/wp-json\/wp\/v2\/comments?post=1436"}],"version-history":[{"count":1,"href":"https:\/\/pbjss.edu.lv\/en\/wp-json\/wp\/v2\/posts\/1436\/revisions"}],"predecessor-version":[{"id":1440,"href":"https:\/\/pbjss.edu.lv\/en\/wp-json\/wp\/v2\/posts\/1436\/revisions\/1440"}],"wp:featuredmedia":[{"embeddable":true,"href":"https:\/\/pbjss.edu.lv\/en\/wp-json\/wp\/v2\/media\/1438"}],"wp:attachment":[{"href":"https:\/\/pbjss.edu.lv\/en\/wp-json\/wp\/v2\/media?parent=1436"}],"wp:term":[{"taxonomy":"category","embeddable":true,"href":"https:\/\/pbjss.edu.lv\/en\/wp-json\/wp\/v2\/categories?post=1436"},{"taxonomy":"post_tag","embeddable":true,"href":"https:\/\/pbjss.edu.lv\/en\/wp-json\/wp\/v2\/tags?post=1436"}],"curies":[{"name":"wp","href":"https:\/\/api.w.org\/{rel}","templated":true}]}}