{"id":1409,"date":"2017-07-19T19:42:17","date_gmt":"2017-07-19T16:42:17","guid":{"rendered":"http:\/\/pbjss.edu.lv\/?p=1409"},"modified":"2022-03-18T23:32:53","modified_gmt":"2022-03-18T21:32:53","slug":"preilu-novada-bjss-audzeknis-rudolfs-vucans-startes-eiropas-u-20-cempionata-vieglatletika-italija","status":"publish","type":"post","link":"https:\/\/pbjss.edu.lv\/en\/preilu-novada-bjss-audzeknis-rudolfs-vucans-startes-eiropas-u-20-cempionata-vieglatletika-italija\/","title":{"rendered":"Prei\u013cu novada BJSS audz\u0113knis R\u016bdolfs Vuc\u0101ns start\u0113s Eiropas U 20 \u010dempion\u0101t\u0101 vieglatl\u0113tik\u0101 It\u0101lij\u0101"},"content":{"rendered":"<p><img loading=\"lazy\" decoding=\"async\" class=\"alignleft wp-image-1410\" src=\"http:\/\/pbjss.edu.lv\/wp-content\/uploads\/preilu-novada-bjss-audzeknis-rudolfs-vucans-startes-eiropas-u-20-cempionata-vieglatletika-italija\/20170719_Eiropas_cemp_logo.png\" alt=\"\" width=\"158\" height=\"118\" srcset=\"https:\/\/pbjss.edu.lv\/wp-content\/uploads\/preilu-novada-bjss-audzeknis-rudolfs-vucans-startes-eiropas-u-20-cempionata-vieglatletika-italija\/20170719_Eiropas_cemp_logo.png 292w, https:\/\/pbjss.edu.lv\/wp-content\/uploads\/preilu-novada-bjss-audzeknis-rudolfs-vucans-startes-eiropas-u-20-cempionata-vieglatletika-italija\/20170719_Eiropas_cemp_logo-80x60.png 80w\" sizes=\"auto, (max-width: 158px) 100vw, 158px\" \/><\/p>\n<p>No 20. l\u012bdz 23.j\u016blijam It\u0101lijas pils\u0113t\u0101 Gros\u0113to notiks Eiropas U20 \u010dempion\u0101ts vieglatl\u0113tik\u0101, kur\u0101 piedal\u012bsies Latvijas izlase 20 sportistu sast\u0101v\u0101 un vi\u0146u vid\u016b ir m\u016bsu sporta skolas audz\u0113knis R\u016bdolfs Vuc\u0101ns ,izpildot kvalifik\u0101cijas normat\u012bvu k\u0101rtsl\u0113k\u0161an\u0101 (4m90cm). 21.j\u016blij\u0101 no r\u012bta R\u016bdolfam notiks kvalifik\u0101cijas sacens\u012bbas k\u0101rtsl\u0113k\u0161an\u0101 .<\/p>\n<p>Nov\u0113l\u0101m vi\u0146am un komandai veiksm\u012bgus startus!!!<\/p>\n<p>Inform\u0101cijai var sekot Latvijas Vieglatl\u0113tikas Savien\u012bb\u0101s m\u0101j\u0101s lap\u0101:\u00a0 <a href=\"http:\/\/www.athletics.lv\">www.athletics.lv<\/a><\/p>\n<p><em>Prei\u013cu novada BJSS metodi\u0137e<\/em><\/p>\n<p><em>\u00a0Viktorija Nei\u0161tadte<\/em><\/p>","protected":false},"excerpt":{"rendered":"<p>No 20. l\u012bdz 23.j\u016blijam It\u0101lijas pils\u0113t\u0101 Gros\u0113to notiks Eiropas U20 \u010dempion\u0101ts vieglatl\u0113tik\u0101, kur\u0101 piedal\u012bsies Latvijas izlase 20 sportistu sast\u0101v\u0101 un vi\u0146u vid\u016b ir m\u016bsu sporta skolas audz\u0113knis R\u016bdolfs Vuc\u0101ns ,izpildot [&hellip;]<\/p>\n","protected":false},"author":2,"featured_media":1411,"comment_status":"closed","ping_status":"open","sticky":false,"template":"","format":"standard","meta":{"_acf_changed":false,"footnotes":""},"categories":[15],"tags":[],"class_list":["post-1409","post","type-post","status-publish","format-standard","has-post-thumbnail","hentry","category-jaunumi"],"acf":[],"yoast_head":"<!-- This site is optimized with the Yoast SEO plugin v27.4 - https:\/\/yoast.com\/product\/yoast-seo-wordpress\/ -->\n<title>Prei\u013cu novada BJSS audz\u0113knis R\u016bdolfs Vuc\u0101ns start\u0113s Eiropas U 20 \u010dempion\u0101t\u0101 vieglatl\u0113tik\u0101 It\u0101lij\u0101 - Prei\u013cu novada b\u0113rnu un jaunie\u0161u sporta skola<\/title>\n<meta name=\"robots\" content=\"index, follow, max-snippet:-1, max-image-preview:large, max-video-preview:-1\" \/>\n<link rel=\"canonical\" href=\"https:\/\/pbjss.edu.lv\/en\/preilu-novada-bjss-audzeknis-rudolfs-vucans-startes-eiropas-u-20-cempionata-vieglatletika-italija\/\" \/>\n<meta property=\"og:locale\" content=\"en_GB\" \/>\n<meta property=\"og:type\" content=\"article\" \/>\n<meta property=\"og:title\" content=\"Prei\u013cu novada BJSS audz\u0113knis R\u016bdolfs Vuc\u0101ns start\u0113s Eiropas U 20 \u010dempion\u0101t\u0101 vieglatl\u0113tik\u0101 It\u0101lij\u0101 - Prei\u013cu novada b\u0113rnu un jaunie\u0161u sporta skola\" \/>\n<meta property=\"og:description\" content=\"No 20. l\u012bdz 23.j\u016blijam It\u0101lijas pils\u0113t\u0101 Gros\u0113to notiks Eiropas U20 \u010dempion\u0101ts vieglatl\u0113tik\u0101, kur\u0101 piedal\u012bsies Latvijas izlase 20 sportistu sast\u0101v\u0101 un vi\u0146u vid\u016b ir m\u016bsu sporta skolas audz\u0113knis R\u016bdolfs Vuc\u0101ns ,izpildot [&hellip;]\" \/>\n<meta property=\"og:url\" content=\"https:\/\/pbjss.edu.lv\/en\/preilu-novada-bjss-audzeknis-rudolfs-vucans-startes-eiropas-u-20-cempionata-vieglatletika-italija\/\" \/>\n<meta property=\"og:site_name\" content=\"Prei\u013cu novada b\u0113rnu un jaunie\u0161u sporta skola\" \/>\n<meta property=\"article:publisher\" content=\"https:\/\/www.facebook.com\/pbjss\/?eid=ARAe9wQ7MGM0FQFTVX7QEebpfAfe5hv7HvoN-v1Jv13lgtTNi-DDzJx16PrauJn_wRTcN6k13xTyjf4n\" \/>\n<meta property=\"article:published_time\" content=\"2017-07-19T16:42:17+00:00\" \/>\n<meta property=\"article:modified_time\" content=\"2022-03-18T21:32:53+00:00\" \/>\n<meta property=\"og:image\" content=\"https:\/\/pbjss.edu.lv\/wp-content\/uploads\/preilu-novada-bjss-audzeknis-rudolfs-vucans-startes-eiropas-u-20-cempionata-vieglatletika-italija\/20170719_Rudolfs_Vucans.jpg\" \/>\n\t<meta property=\"og:image:width\" content=\"1920\" \/>\n\t<meta property=\"og:image:height\" content=\"1280\" \/>\n\t<meta property=\"og:image:type\" content=\"image\/jpeg\" \/>\n<meta name=\"author\" content=\"Bjss\" \/>\n<meta name=\"twitter:card\" content=\"summary_large_image\" \/>\n<meta name=\"twitter:label1\" content=\"Written by\" \/>\n\t<meta name=\"twitter:data1\" content=\"Bjss\" \/>\n\t<meta name=\"twitter:label2\" content=\"Estimated reading time\" \/>\n\t<meta name=\"twitter:data2\" content=\"1 minute\" \/>\n<script type=\"application\/ld+json\" class=\"yoast-schema-graph\">{\"@context\":\"https:\\\/\\\/schema.org\",\"@graph\":[{\"@type\":\"Article\",\"@id\":\"https:\\\/\\\/pbjss.edu.lv\\\/preilu-novada-bjss-audzeknis-rudolfs-vucans-startes-eiropas-u-20-cempionata-vieglatletika-italija\\\/#article\",\"isPartOf\":{\"@id\":\"https:\\\/\\\/pbjss.edu.lv\\\/preilu-novada-bjss-audzeknis-rudolfs-vucans-startes-eiropas-u-20-cempionata-vieglatletika-italija\\\/\"},\"author\":{\"name\":\"Bjss\",\"@id\":\"https:\\\/\\\/pbjss.edu.lv\\\/#\\\/schema\\\/person\\\/673500925eb2fbb01416cad4a44be9f7\"},\"headline\":\"Prei\u013cu novada BJSS audz\u0113knis R\u016bdolfs Vuc\u0101ns start\u0113s Eiropas U 20 \u010dempion\u0101t\u0101 vieglatl\u0113tik\u0101 It\u0101lij\u0101\",\"datePublished\":\"2017-07-19T16:42:17+00:00\",\"dateModified\":\"2022-03-18T21:32:53+00:00\",\"mainEntityOfPage\":{\"@id\":\"https:\\\/\\\/pbjss.edu.lv\\\/preilu-novada-bjss-audzeknis-rudolfs-vucans-startes-eiropas-u-20-cempionata-vieglatletika-italija\\\/\"},\"wordCount\":124,\"image\":{\"@id\":\"https:\\\/\\\/pbjss.edu.lv\\\/preilu-novada-bjss-audzeknis-rudolfs-vucans-startes-eiropas-u-20-cempionata-vieglatletika-italija\\\/#primaryimage\"},\"thumbnailUrl\":\"https:\\\/\\\/pbjss.edu.lv\\\/wp-content\\\/uploads\\\/preilu-novada-bjss-audzeknis-rudolfs-vucans-startes-eiropas-u-20-cempionata-vieglatletika-italija\\\/20170719_Rudolfs_Vucans.jpg\",\"articleSection\":[\"Jaunumi\"],\"inLanguage\":\"en-GB\"},{\"@type\":\"WebPage\",\"@id\":\"https:\\\/\\\/pbjss.edu.lv\\\/preilu-novada-bjss-audzeknis-rudolfs-vucans-startes-eiropas-u-20-cempionata-vieglatletika-italija\\\/\",\"url\":\"https:\\\/\\\/pbjss.edu.lv\\\/preilu-novada-bjss-audzeknis-rudolfs-vucans-startes-eiropas-u-20-cempionata-vieglatletika-italija\\\/\",\"name\":\"Prei\u013cu novada BJSS audz\u0113knis R\u016bdolfs Vuc\u0101ns start\u0113s Eiropas U 20 \u010dempion\u0101t\u0101 vieglatl\u0113tik\u0101 It\u0101lij\u0101 - Prei\u013cu novada b\u0113rnu un jaunie\u0161u sporta skola\",\"isPartOf\":{\"@id\":\"https:\\\/\\\/pbjss.edu.lv\\\/#website\"},\"primaryImageOfPage\":{\"@id\":\"https:\\\/\\\/pbjss.edu.lv\\\/preilu-novada-bjss-audzeknis-rudolfs-vucans-startes-eiropas-u-20-cempionata-vieglatletika-italija\\\/#primaryimage\"},\"image\":{\"@id\":\"https:\\\/\\\/pbjss.edu.lv\\\/preilu-novada-bjss-audzeknis-rudolfs-vucans-startes-eiropas-u-20-cempionata-vieglatletika-italija\\\/#primaryimage\"},\"thumbnailUrl\":\"https:\\\/\\\/pbjss.edu.lv\\\/wp-content\\\/uploads\\\/preilu-novada-bjss-audzeknis-rudolfs-vucans-startes-eiropas-u-20-cempionata-vieglatletika-italija\\\/20170719_Rudolfs_Vucans.jpg\",\"datePublished\":\"2017-07-19T16:42:17+00:00\",\"dateModified\":\"2022-03-18T21:32:53+00:00\",\"author\":{\"@id\":\"https:\\\/\\\/pbjss.edu.lv\\\/#\\\/schema\\\/person\\\/673500925eb2fbb01416cad4a44be9f7\"},\"breadcrumb\":{\"@id\":\"https:\\\/\\\/pbjss.edu.lv\\\/preilu-novada-bjss-audzeknis-rudolfs-vucans-startes-eiropas-u-20-cempionata-vieglatletika-italija\\\/#breadcrumb\"},\"inLanguage\":\"en-GB\",\"potentialAction\":[{\"@type\":\"ReadAction\",\"target\":[\"https:\\\/\\\/pbjss.edu.lv\\\/preilu-novada-bjss-audzeknis-rudolfs-vucans-startes-eiropas-u-20-cempionata-vieglatletika-italija\\\/\"]}]},{\"@type\":\"ImageObject\",\"inLanguage\":\"en-GB\",\"@id\":\"https:\\\/\\\/pbjss.edu.lv\\\/preilu-novada-bjss-audzeknis-rudolfs-vucans-startes-eiropas-u-20-cempionata-vieglatletika-italija\\\/#primaryimage\",\"url\":\"https:\\\/\\\/pbjss.edu.lv\\\/wp-content\\\/uploads\\\/preilu-novada-bjss-audzeknis-rudolfs-vucans-startes-eiropas-u-20-cempionata-vieglatletika-italija\\\/20170719_Rudolfs_Vucans.jpg\",\"contentUrl\":\"https:\\\/\\\/pbjss.edu.lv\\\/wp-content\\\/uploads\\\/preilu-novada-bjss-audzeknis-rudolfs-vucans-startes-eiropas-u-20-cempionata-vieglatletika-italija\\\/20170719_Rudolfs_Vucans.jpg\",\"width\":1920,\"height\":1280},{\"@type\":\"BreadcrumbList\",\"@id\":\"https:\\\/\\\/pbjss.edu.lv\\\/preilu-novada-bjss-audzeknis-rudolfs-vucans-startes-eiropas-u-20-cempionata-vieglatletika-italija\\\/#breadcrumb\",\"itemListElement\":[{\"@type\":\"ListItem\",\"position\":1,\"name\":\"Home\",\"item\":\"https:\\\/\\\/pbjss.edu.lv\\\/\"},{\"@type\":\"ListItem\",\"position\":2,\"name\":\"Prei\u013cu novada BJSS audz\u0113knis R\u016bdolfs Vuc\u0101ns start\u0113s Eiropas U 20 \u010dempion\u0101t\u0101 vieglatl\u0113tik\u0101 It\u0101lij\u0101\"}]},{\"@type\":\"WebSite\",\"@id\":\"https:\\\/\\\/pbjss.edu.lv\\\/#website\",\"url\":\"https:\\\/\\\/pbjss.edu.lv\\\/\",\"name\":\"Prei\u013cu novada b\u0113rnu un jaunie\u0161u sporta skola\",\"description\":\"Augst\u0101k, t\u0101l\u0101k, stipr\u0101k!\",\"potentialAction\":[{\"@type\":\"SearchAction\",\"target\":{\"@type\":\"EntryPoint\",\"urlTemplate\":\"https:\\\/\\\/pbjss.edu.lv\\\/?s={search_term_string}\"},\"query-input\":{\"@type\":\"PropertyValueSpecification\",\"valueRequired\":true,\"valueName\":\"search_term_string\"}}],\"inLanguage\":\"en-GB\"},{\"@type\":\"Person\",\"@id\":\"https:\\\/\\\/pbjss.edu.lv\\\/#\\\/schema\\\/person\\\/673500925eb2fbb01416cad4a44be9f7\",\"name\":\"Bjss\",\"image\":{\"@type\":\"ImageObject\",\"inLanguage\":\"en-GB\",\"@id\":\"https:\\\/\\\/secure.gravatar.com\\\/avatar\\\/41520995a420163723678647f92d22a050ef556c35cdb598ea5659b018a440f8?s=96&d=mm&r=g\",\"url\":\"https:\\\/\\\/secure.gravatar.com\\\/avatar\\\/41520995a420163723678647f92d22a050ef556c35cdb598ea5659b018a440f8?s=96&d=mm&r=g\",\"contentUrl\":\"https:\\\/\\\/secure.gravatar.com\\\/avatar\\\/41520995a420163723678647f92d22a050ef556c35cdb598ea5659b018a440f8?s=96&d=mm&r=g\",\"caption\":\"Bjss\"},\"url\":\"https:\\\/\\\/pbjss.edu.lv\\\/en\\\/author\\\/ivars\\\/\"}]}<\/script>\n<!-- \/ Yoast SEO plugin. -->","yoast_head_json":{"title":"Prei\u013cu novada BJSS audz\u0113knis R\u016bdolfs Vuc\u0101ns start\u0113s Eiropas U 20 \u010dempion\u0101t\u0101 vieglatl\u0113tik\u0101 It\u0101lij\u0101 - Prei\u013cu novada b\u0113rnu un jaunie\u0161u sporta skola","robots":{"index":"index","follow":"follow","max-snippet":"max-snippet:-1","max-image-preview":"max-image-preview:large","max-video-preview":"max-video-preview:-1"},"canonical":"https:\/\/pbjss.edu.lv\/en\/preilu-novada-bjss-audzeknis-rudolfs-vucans-startes-eiropas-u-20-cempionata-vieglatletika-italija\/","og_locale":"en_GB","og_type":"article","og_title":"Prei\u013cu novada BJSS audz\u0113knis R\u016bdolfs Vuc\u0101ns start\u0113s Eiropas U 20 \u010dempion\u0101t\u0101 vieglatl\u0113tik\u0101 It\u0101lij\u0101 - Prei\u013cu novada b\u0113rnu un jaunie\u0161u sporta skola","og_description":"No 20. l\u012bdz 23.j\u016blijam It\u0101lijas pils\u0113t\u0101 Gros\u0113to notiks Eiropas U20 \u010dempion\u0101ts vieglatl\u0113tik\u0101, kur\u0101 piedal\u012bsies Latvijas izlase 20 sportistu sast\u0101v\u0101 un vi\u0146u vid\u016b ir m\u016bsu sporta skolas audz\u0113knis R\u016bdolfs Vuc\u0101ns ,izpildot [&hellip;]","og_url":"https:\/\/pbjss.edu.lv\/en\/preilu-novada-bjss-audzeknis-rudolfs-vucans-startes-eiropas-u-20-cempionata-vieglatletika-italija\/","og_site_name":"Prei\u013cu novada b\u0113rnu un jaunie\u0161u sporta skola","article_publisher":"https:\/\/www.facebook.com\/pbjss\/?eid=ARAe9wQ7MGM0FQFTVX7QEebpfAfe5hv7HvoN-v1Jv13lgtTNi-DDzJx16PrauJn_wRTcN6k13xTyjf4n","article_published_time":"2017-07-19T16:42:17+00:00","article_modified_time":"2022-03-18T21:32:53+00:00","og_image":[{"width":1920,"height":1280,"url":"https:\/\/pbjss.edu.lv\/wp-content\/uploads\/preilu-novada-bjss-audzeknis-rudolfs-vucans-startes-eiropas-u-20-cempionata-vieglatletika-italija\/20170719_Rudolfs_Vucans.jpg","type":"image\/jpeg"}],"author":"Bjss","twitter_card":"summary_large_image","twitter_misc":{"Written by":"Bjss","Estimated reading time":"1 minute"},"schema":{"@context":"https:\/\/schema.org","@graph":[{"@type":"Article","@id":"https:\/\/pbjss.edu.lv\/preilu-novada-bjss-audzeknis-rudolfs-vucans-startes-eiropas-u-20-cempionata-vieglatletika-italija\/#article","isPartOf":{"@id":"https:\/\/pbjss.edu.lv\/preilu-novada-bjss-audzeknis-rudolfs-vucans-startes-eiropas-u-20-cempionata-vieglatletika-italija\/"},"author":{"name":"Bjss","@id":"https:\/\/pbjss.edu.lv\/#\/schema\/person\/673500925eb2fbb01416cad4a44be9f7"},"headline":"Prei\u013cu novada BJSS audz\u0113knis R\u016bdolfs Vuc\u0101ns start\u0113s Eiropas U 20 \u010dempion\u0101t\u0101 vieglatl\u0113tik\u0101 It\u0101lij\u0101","datePublished":"2017-07-19T16:42:17+00:00","dateModified":"2022-03-18T21:32:53+00:00","mainEntityOfPage":{"@id":"https:\/\/pbjss.edu.lv\/preilu-novada-bjss-audzeknis-rudolfs-vucans-startes-eiropas-u-20-cempionata-vieglatletika-italija\/"},"wordCount":124,"image":{"@id":"https:\/\/pbjss.edu.lv\/preilu-novada-bjss-audzeknis-rudolfs-vucans-startes-eiropas-u-20-cempionata-vieglatletika-italija\/#primaryimage"},"thumbnailUrl":"https:\/\/pbjss.edu.lv\/wp-content\/uploads\/preilu-novada-bjss-audzeknis-rudolfs-vucans-startes-eiropas-u-20-cempionata-vieglatletika-italija\/20170719_Rudolfs_Vucans.jpg","articleSection":["Jaunumi"],"inLanguage":"en-GB"},{"@type":"WebPage","@id":"https:\/\/pbjss.edu.lv\/preilu-novada-bjss-audzeknis-rudolfs-vucans-startes-eiropas-u-20-cempionata-vieglatletika-italija\/","url":"https:\/\/pbjss.edu.lv\/preilu-novada-bjss-audzeknis-rudolfs-vucans-startes-eiropas-u-20-cempionata-vieglatletika-italija\/","name":"Prei\u013cu novada BJSS audz\u0113knis R\u016bdolfs Vuc\u0101ns start\u0113s Eiropas U 20 \u010dempion\u0101t\u0101 vieglatl\u0113tik\u0101 It\u0101lij\u0101 - Prei\u013cu novada b\u0113rnu un jaunie\u0161u sporta skola","isPartOf":{"@id":"https:\/\/pbjss.edu.lv\/#website"},"primaryImageOfPage":{"@id":"https:\/\/pbjss.edu.lv\/preilu-novada-bjss-audzeknis-rudolfs-vucans-startes-eiropas-u-20-cempionata-vieglatletika-italija\/#primaryimage"},"image":{"@id":"https:\/\/pbjss.edu.lv\/preilu-novada-bjss-audzeknis-rudolfs-vucans-startes-eiropas-u-20-cempionata-vieglatletika-italija\/#primaryimage"},"thumbnailUrl":"https:\/\/pbjss.edu.lv\/wp-content\/uploads\/preilu-novada-bjss-audzeknis-rudolfs-vucans-startes-eiropas-u-20-cempionata-vieglatletika-italija\/20170719_Rudolfs_Vucans.jpg","datePublished":"2017-07-19T16:42:17+00:00","dateModified":"2022-03-18T21:32:53+00:00","author":{"@id":"https:\/\/pbjss.edu.lv\/#\/schema\/person\/673500925eb2fbb01416cad4a44be9f7"},"breadcrumb":{"@id":"https:\/\/pbjss.edu.lv\/preilu-novada-bjss-audzeknis-rudolfs-vucans-startes-eiropas-u-20-cempionata-vieglatletika-italija\/#breadcrumb"},"inLanguage":"en-GB","potentialAction":[{"@type":"ReadAction","target":["https:\/\/pbjss.edu.lv\/preilu-novada-bjss-audzeknis-rudolfs-vucans-startes-eiropas-u-20-cempionata-vieglatletika-italija\/"]}]},{"@type":"ImageObject","inLanguage":"en-GB","@id":"https:\/\/pbjss.edu.lv\/preilu-novada-bjss-audzeknis-rudolfs-vucans-startes-eiropas-u-20-cempionata-vieglatletika-italija\/#primaryimage","url":"https:\/\/pbjss.edu.lv\/wp-content\/uploads\/preilu-novada-bjss-audzeknis-rudolfs-vucans-startes-eiropas-u-20-cempionata-vieglatletika-italija\/20170719_Rudolfs_Vucans.jpg","contentUrl":"https:\/\/pbjss.edu.lv\/wp-content\/uploads\/preilu-novada-bjss-audzeknis-rudolfs-vucans-startes-eiropas-u-20-cempionata-vieglatletika-italija\/20170719_Rudolfs_Vucans.jpg","width":1920,"height":1280},{"@type":"BreadcrumbList","@id":"https:\/\/pbjss.edu.lv\/preilu-novada-bjss-audzeknis-rudolfs-vucans-startes-eiropas-u-20-cempionata-vieglatletika-italija\/#breadcrumb","itemListElement":[{"@type":"ListItem","position":1,"name":"Home","item":"https:\/\/pbjss.edu.lv\/"},{"@type":"ListItem","position":2,"name":"Prei\u013cu novada BJSS audz\u0113knis R\u016bdolfs Vuc\u0101ns start\u0113s Eiropas U 20 \u010dempion\u0101t\u0101 vieglatl\u0113tik\u0101 It\u0101lij\u0101"}]},{"@type":"WebSite","@id":"https:\/\/pbjss.edu.lv\/#website","url":"https:\/\/pbjss.edu.lv\/","name":"Prei\u013cu novada b\u0113rnu un jaunie\u0161u sporta skola","description":"Augst\u0101k, t\u0101l\u0101k, stipr\u0101k!","potentialAction":[{"@type":"SearchAction","target":{"@type":"EntryPoint","urlTemplate":"https:\/\/pbjss.edu.lv\/?s={search_term_string}"},"query-input":{"@type":"PropertyValueSpecification","valueRequired":true,"valueName":"search_term_string"}}],"inLanguage":"en-GB"},{"@type":"Person","@id":"https:\/\/pbjss.edu.lv\/#\/schema\/person\/673500925eb2fbb01416cad4a44be9f7","name":"Bjss","image":{"@type":"ImageObject","inLanguage":"en-GB","@id":"https:\/\/secure.gravatar.com\/avatar\/41520995a420163723678647f92d22a050ef556c35cdb598ea5659b018a440f8?s=96&d=mm&r=g","url":"https:\/\/secure.gravatar.com\/avatar\/41520995a420163723678647f92d22a050ef556c35cdb598ea5659b018a440f8?s=96&d=mm&r=g","contentUrl":"https:\/\/secure.gravatar.com\/avatar\/41520995a420163723678647f92d22a050ef556c35cdb598ea5659b018a440f8?s=96&d=mm&r=g","caption":"Bjss"},"url":"https:\/\/pbjss.edu.lv\/en\/author\/ivars\/"}]}},"_links":{"self":[{"href":"https:\/\/pbjss.edu.lv\/en\/wp-json\/wp\/v2\/posts\/1409","targetHints":{"allow":["GET"]}}],"collection":[{"href":"https:\/\/pbjss.edu.lv\/en\/wp-json\/wp\/v2\/posts"}],"about":[{"href":"https:\/\/pbjss.edu.lv\/en\/wp-json\/wp\/v2\/types\/post"}],"author":[{"embeddable":true,"href":"https:\/\/pbjss.edu.lv\/en\/wp-json\/wp\/v2\/users\/2"}],"replies":[{"embeddable":true,"href":"https:\/\/pbjss.edu.lv\/en\/wp-json\/wp\/v2\/comments?post=1409"}],"version-history":[{"count":1,"href":"https:\/\/pbjss.edu.lv\/en\/wp-json\/wp\/v2\/posts\/1409\/revisions"}],"predecessor-version":[{"id":1412,"href":"https:\/\/pbjss.edu.lv\/en\/wp-json\/wp\/v2\/posts\/1409\/revisions\/1412"}],"wp:featuredmedia":[{"embeddable":true,"href":"https:\/\/pbjss.edu.lv\/en\/wp-json\/wp\/v2\/media\/1411"}],"wp:attachment":[{"href":"https:\/\/pbjss.edu.lv\/en\/wp-json\/wp\/v2\/media?parent=1409"}],"wp:term":[{"taxonomy":"category","embeddable":true,"href":"https:\/\/pbjss.edu.lv\/en\/wp-json\/wp\/v2\/categories?post=1409"},{"taxonomy":"post_tag","embeddable":true,"href":"https:\/\/pbjss.edu.lv\/en\/wp-json\/wp\/v2\/tags?post=1409"}],"curies":[{"name":"wp","href":"https:\/\/api.w.org\/{rel}","templated":true}]}}