{"id":14,"date":"2016-12-08T08:12:14","date_gmt":"2016-12-08T08:12:14","guid":{"rendered":"http:\/\/sportaskolawp.preiluvakvsk.lv\/?p=14"},"modified":"2022-03-18T23:33:27","modified_gmt":"2022-03-18T21:33:27","slug":"10-decembri-preilu-novada-cempionats-vieglatletika-telpas","status":"publish","type":"post","link":"https:\/\/pbjss.edu.lv\/en\/10-decembri-preilu-novada-cempionats-vieglatletika-telpas\/","title":{"rendered":"10. decembr\u012b Prei\u013cu novada \u010dempion\u0101ts vieglatl\u0113tik\u0101 telp\u0101s"},"content":{"rendered":"<p>Nu jau labs br\u012bdis k\u0101 vieglatl\u0113ti s\u0101ku\u0161i gatavo\u0161anos jaunajai sezonai. Lai p\u0101rbaud\u012btu vai gatavo\u0161an\u0101s noris iecer\u0113taj\u0101 l\u012bmen\u012b un pamaz\u0101m atgrieztos sacens\u012bbu atmosf\u0113r\u0101, decembra vid\u016b notiek tradicion\u0101lais Prei\u013cu novada \u010dempion\u0101ts vieglatl\u0113tik\u0101 telp\u0101s. Sacens\u012bbas ir atkl\u0101tas un t\u0101p\u0113c konkurenci uz godalg\u0101m pastiprina ar\u012b citi sportisti no Latgales re\u0123iona. Ar\u012b \u0161ogad 10. decembr\u012b visi interesenti tiek gaid\u012bti Prei\u013cu 2. vidusskolas vieglatl\u0113tikas man\u0113\u017e\u0101, lai p\u0101rbaud\u012btu savu gatav\u012bbu jaun\u0101s sezonas priek\u0161vakar\u0101.<\/p>\n<p><strong><a href=\"http:\/\/www.preili.lv\/upload\/dokumenti1\/20161102_vieglatletika_nolikums.pdf\">Sacens\u012bbu nolikums<\/a><\/strong><\/p>\n<p><em>L.Valdonis \u2013 sporta pas\u0101kumu organizators<\/em><\/p>","protected":false},"excerpt":{"rendered":"<p>Nu jau labs br\u012bdis k\u0101 vieglatl\u0113ti s\u0101ku\u0161i gatavo\u0161anos jaunajai sezonai. Lai p\u0101rbaud\u012btu vai gatavo\u0161an\u0101s noris iecer\u0113taj\u0101 l\u012bmen\u012b un pamaz\u0101m atgrieztos sacens\u012bbu atmosf\u0113r\u0101, decembra vid\u016b notiek tradicion\u0101lais Prei\u013cu novada \u010dempion\u0101ts vieglatl\u0113tik\u0101 [&hellip;]<\/p>\n","protected":false},"author":2,"featured_media":16,"comment_status":"open","ping_status":"open","sticky":false,"template":"","format":"standard","meta":{"_acf_changed":false,"footnotes":""},"categories":[15],"tags":[],"class_list":["post-14","post","type-post","status-publish","format-standard","has-post-thumbnail","hentry","category-jaunumi"],"acf":[],"yoast_head":"<!-- This site is optimized with the Yoast SEO plugin v27.5 - https:\/\/yoast.com\/product\/yoast-seo-wordpress\/ -->\n<title>10. decembr\u012b Prei\u013cu novada \u010dempion\u0101ts vieglatl\u0113tik\u0101 telp\u0101s - Prei\u013cu novada b\u0113rnu un jaunie\u0161u sporta skola<\/title>\n<meta name=\"robots\" content=\"index, follow, max-snippet:-1, max-image-preview:large, max-video-preview:-1\" \/>\n<link rel=\"canonical\" href=\"https:\/\/pbjss.edu.lv\/en\/10-decembri-preilu-novada-cempionats-vieglatletika-telpas\/\" \/>\n<meta property=\"og:locale\" content=\"en_GB\" \/>\n<meta property=\"og:type\" content=\"article\" \/>\n<meta property=\"og:title\" content=\"10. decembr\u012b Prei\u013cu novada \u010dempion\u0101ts vieglatl\u0113tik\u0101 telp\u0101s - Prei\u013cu novada b\u0113rnu un jaunie\u0161u sporta skola\" \/>\n<meta property=\"og:description\" content=\"Nu jau labs br\u012bdis k\u0101 vieglatl\u0113ti s\u0101ku\u0161i gatavo\u0161anos jaunajai sezonai. Lai p\u0101rbaud\u012btu vai gatavo\u0161an\u0101s noris iecer\u0113taj\u0101 l\u012bmen\u012b un pamaz\u0101m atgrieztos sacens\u012bbu atmosf\u0113r\u0101, decembra vid\u016b notiek tradicion\u0101lais Prei\u013cu novada \u010dempion\u0101ts vieglatl\u0113tik\u0101 [&hellip;]\" \/>\n<meta property=\"og:url\" content=\"https:\/\/pbjss.edu.lv\/en\/10-decembri-preilu-novada-cempionats-vieglatletika-telpas\/\" \/>\n<meta property=\"og:site_name\" content=\"Prei\u013cu novada b\u0113rnu un jaunie\u0161u sporta skola\" \/>\n<meta property=\"article:publisher\" content=\"https:\/\/www.facebook.com\/pbjss\/?eid=ARAe9wQ7MGM0FQFTVX7QEebpfAfe5hv7HvoN-v1Jv13lgtTNi-DDzJx16PrauJn_wRTcN6k13xTyjf4n\" \/>\n<meta property=\"article:published_time\" content=\"2016-12-08T08:12:14+00:00\" \/>\n<meta property=\"article:modified_time\" content=\"2022-03-18T21:33:27+00:00\" \/>\n<meta property=\"og:image\" content=\"https:\/\/pbjss.edu.lv\/wp-content\/uploads\/2016\/12\/20161001_solosana_ogree_08.jpg\" \/>\n\t<meta property=\"og:image:width\" content=\"1200\" \/>\n\t<meta property=\"og:image:height\" content=\"900\" \/>\n\t<meta property=\"og:image:type\" content=\"image\/jpeg\" \/>\n<meta name=\"author\" content=\"Bjss\" \/>\n<meta name=\"twitter:card\" content=\"summary_large_image\" \/>\n<meta name=\"twitter:label1\" content=\"Written by\" \/>\n\t<meta name=\"twitter:data1\" content=\"Bjss\" \/>\n\t<meta name=\"twitter:label2\" content=\"Estimated reading time\" \/>\n\t<meta name=\"twitter:data2\" content=\"1 minute\" \/>\n<script type=\"application\/ld+json\" class=\"yoast-schema-graph\">{\"@context\":\"https:\\\/\\\/schema.org\",\"@graph\":[{\"@type\":\"Article\",\"@id\":\"https:\\\/\\\/pbjss.edu.lv\\\/10-decembri-preilu-novada-cempionats-vieglatletika-telpas\\\/#article\",\"isPartOf\":{\"@id\":\"https:\\\/\\\/pbjss.edu.lv\\\/10-decembri-preilu-novada-cempionats-vieglatletika-telpas\\\/\"},\"author\":{\"name\":\"Bjss\",\"@id\":\"https:\\\/\\\/pbjss.edu.lv\\\/#\\\/schema\\\/person\\\/673500925eb2fbb01416cad4a44be9f7\"},\"headline\":\"10. decembr\u012b Prei\u013cu novada \u010dempion\u0101ts vieglatl\u0113tik\u0101 telp\u0101s\",\"datePublished\":\"2016-12-08T08:12:14+00:00\",\"dateModified\":\"2022-03-18T21:33:27+00:00\",\"mainEntityOfPage\":{\"@id\":\"https:\\\/\\\/pbjss.edu.lv\\\/10-decembri-preilu-novada-cempionats-vieglatletika-telpas\\\/\"},\"wordCount\":116,\"commentCount\":0,\"image\":{\"@id\":\"https:\\\/\\\/pbjss.edu.lv\\\/10-decembri-preilu-novada-cempionats-vieglatletika-telpas\\\/#primaryimage\"},\"thumbnailUrl\":\"https:\\\/\\\/pbjss.edu.lv\\\/wp-content\\\/uploads\\\/2016\\\/12\\\/20161001_solosana_ogree_08.jpg\",\"articleSection\":[\"Jaunumi\"],\"inLanguage\":\"en-GB\",\"potentialAction\":[{\"@type\":\"CommentAction\",\"name\":\"Comment\",\"target\":[\"https:\\\/\\\/pbjss.edu.lv\\\/10-decembri-preilu-novada-cempionats-vieglatletika-telpas\\\/#respond\"]}]},{\"@type\":\"WebPage\",\"@id\":\"https:\\\/\\\/pbjss.edu.lv\\\/10-decembri-preilu-novada-cempionats-vieglatletika-telpas\\\/\",\"url\":\"https:\\\/\\\/pbjss.edu.lv\\\/10-decembri-preilu-novada-cempionats-vieglatletika-telpas\\\/\",\"name\":\"10. decembr\u012b Prei\u013cu novada \u010dempion\u0101ts vieglatl\u0113tik\u0101 telp\u0101s - Prei\u013cu novada b\u0113rnu un jaunie\u0161u sporta skola\",\"isPartOf\":{\"@id\":\"https:\\\/\\\/pbjss.edu.lv\\\/#website\"},\"primaryImageOfPage\":{\"@id\":\"https:\\\/\\\/pbjss.edu.lv\\\/10-decembri-preilu-novada-cempionats-vieglatletika-telpas\\\/#primaryimage\"},\"image\":{\"@id\":\"https:\\\/\\\/pbjss.edu.lv\\\/10-decembri-preilu-novada-cempionats-vieglatletika-telpas\\\/#primaryimage\"},\"thumbnailUrl\":\"https:\\\/\\\/pbjss.edu.lv\\\/wp-content\\\/uploads\\\/2016\\\/12\\\/20161001_solosana_ogree_08.jpg\",\"datePublished\":\"2016-12-08T08:12:14+00:00\",\"dateModified\":\"2022-03-18T21:33:27+00:00\",\"author\":{\"@id\":\"https:\\\/\\\/pbjss.edu.lv\\\/#\\\/schema\\\/person\\\/673500925eb2fbb01416cad4a44be9f7\"},\"breadcrumb\":{\"@id\":\"https:\\\/\\\/pbjss.edu.lv\\\/10-decembri-preilu-novada-cempionats-vieglatletika-telpas\\\/#breadcrumb\"},\"inLanguage\":\"en-GB\",\"potentialAction\":[{\"@type\":\"ReadAction\",\"target\":[\"https:\\\/\\\/pbjss.edu.lv\\\/10-decembri-preilu-novada-cempionats-vieglatletika-telpas\\\/\"]}]},{\"@type\":\"ImageObject\",\"inLanguage\":\"en-GB\",\"@id\":\"https:\\\/\\\/pbjss.edu.lv\\\/10-decembri-preilu-novada-cempionats-vieglatletika-telpas\\\/#primaryimage\",\"url\":\"https:\\\/\\\/pbjss.edu.lv\\\/wp-content\\\/uploads\\\/2016\\\/12\\\/20161001_solosana_ogree_08.jpg\",\"contentUrl\":\"https:\\\/\\\/pbjss.edu.lv\\\/wp-content\\\/uploads\\\/2016\\\/12\\\/20161001_solosana_ogree_08.jpg\",\"width\":1200,\"height\":900},{\"@type\":\"BreadcrumbList\",\"@id\":\"https:\\\/\\\/pbjss.edu.lv\\\/10-decembri-preilu-novada-cempionats-vieglatletika-telpas\\\/#breadcrumb\",\"itemListElement\":[{\"@type\":\"ListItem\",\"position\":1,\"name\":\"Home\",\"item\":\"https:\\\/\\\/pbjss.edu.lv\\\/\"},{\"@type\":\"ListItem\",\"position\":2,\"name\":\"10. decembr\u012b Prei\u013cu novada \u010dempion\u0101ts vieglatl\u0113tik\u0101 telp\u0101s\"}]},{\"@type\":\"WebSite\",\"@id\":\"https:\\\/\\\/pbjss.edu.lv\\\/#website\",\"url\":\"https:\\\/\\\/pbjss.edu.lv\\\/\",\"name\":\"Prei\u013cu novada b\u0113rnu un jaunie\u0161u sporta skola\",\"description\":\"Augst\u0101k, t\u0101l\u0101k, stipr\u0101k!\",\"potentialAction\":[{\"@type\":\"SearchAction\",\"target\":{\"@type\":\"EntryPoint\",\"urlTemplate\":\"https:\\\/\\\/pbjss.edu.lv\\\/?s={search_term_string}\"},\"query-input\":{\"@type\":\"PropertyValueSpecification\",\"valueRequired\":true,\"valueName\":\"search_term_string\"}}],\"inLanguage\":\"en-GB\"},{\"@type\":\"Person\",\"@id\":\"https:\\\/\\\/pbjss.edu.lv\\\/#\\\/schema\\\/person\\\/673500925eb2fbb01416cad4a44be9f7\",\"name\":\"Bjss\",\"image\":{\"@type\":\"ImageObject\",\"inLanguage\":\"en-GB\",\"@id\":\"https:\\\/\\\/secure.gravatar.com\\\/avatar\\\/41520995a420163723678647f92d22a050ef556c35cdb598ea5659b018a440f8?s=96&d=mm&r=g\",\"url\":\"https:\\\/\\\/secure.gravatar.com\\\/avatar\\\/41520995a420163723678647f92d22a050ef556c35cdb598ea5659b018a440f8?s=96&d=mm&r=g\",\"contentUrl\":\"https:\\\/\\\/secure.gravatar.com\\\/avatar\\\/41520995a420163723678647f92d22a050ef556c35cdb598ea5659b018a440f8?s=96&d=mm&r=g\",\"caption\":\"Bjss\"},\"url\":\"https:\\\/\\\/pbjss.edu.lv\\\/en\\\/author\\\/ivars\\\/\"}]}<\/script>\n<!-- \/ Yoast SEO plugin. -->","yoast_head_json":{"title":"10. decembr\u012b Prei\u013cu novada \u010dempion\u0101ts vieglatl\u0113tik\u0101 telp\u0101s - Prei\u013cu novada b\u0113rnu un jaunie\u0161u sporta skola","robots":{"index":"index","follow":"follow","max-snippet":"max-snippet:-1","max-image-preview":"max-image-preview:large","max-video-preview":"max-video-preview:-1"},"canonical":"https:\/\/pbjss.edu.lv\/en\/10-decembri-preilu-novada-cempionats-vieglatletika-telpas\/","og_locale":"en_GB","og_type":"article","og_title":"10. decembr\u012b Prei\u013cu novada \u010dempion\u0101ts vieglatl\u0113tik\u0101 telp\u0101s - Prei\u013cu novada b\u0113rnu un jaunie\u0161u sporta skola","og_description":"Nu jau labs br\u012bdis k\u0101 vieglatl\u0113ti s\u0101ku\u0161i gatavo\u0161anos jaunajai sezonai. Lai p\u0101rbaud\u012btu vai gatavo\u0161an\u0101s noris iecer\u0113taj\u0101 l\u012bmen\u012b un pamaz\u0101m atgrieztos sacens\u012bbu atmosf\u0113r\u0101, decembra vid\u016b notiek tradicion\u0101lais Prei\u013cu novada \u010dempion\u0101ts vieglatl\u0113tik\u0101 [&hellip;]","og_url":"https:\/\/pbjss.edu.lv\/en\/10-decembri-preilu-novada-cempionats-vieglatletika-telpas\/","og_site_name":"Prei\u013cu novada b\u0113rnu un jaunie\u0161u sporta skola","article_publisher":"https:\/\/www.facebook.com\/pbjss\/?eid=ARAe9wQ7MGM0FQFTVX7QEebpfAfe5hv7HvoN-v1Jv13lgtTNi-DDzJx16PrauJn_wRTcN6k13xTyjf4n","article_published_time":"2016-12-08T08:12:14+00:00","article_modified_time":"2022-03-18T21:33:27+00:00","og_image":[{"width":1200,"height":900,"url":"https:\/\/pbjss.edu.lv\/wp-content\/uploads\/2016\/12\/20161001_solosana_ogree_08.jpg","type":"image\/jpeg"}],"author":"Bjss","twitter_card":"summary_large_image","twitter_misc":{"Written by":"Bjss","Estimated reading time":"1 minute"},"schema":{"@context":"https:\/\/schema.org","@graph":[{"@type":"Article","@id":"https:\/\/pbjss.edu.lv\/10-decembri-preilu-novada-cempionats-vieglatletika-telpas\/#article","isPartOf":{"@id":"https:\/\/pbjss.edu.lv\/10-decembri-preilu-novada-cempionats-vieglatletika-telpas\/"},"author":{"name":"Bjss","@id":"https:\/\/pbjss.edu.lv\/#\/schema\/person\/673500925eb2fbb01416cad4a44be9f7"},"headline":"10. decembr\u012b Prei\u013cu novada \u010dempion\u0101ts vieglatl\u0113tik\u0101 telp\u0101s","datePublished":"2016-12-08T08:12:14+00:00","dateModified":"2022-03-18T21:33:27+00:00","mainEntityOfPage":{"@id":"https:\/\/pbjss.edu.lv\/10-decembri-preilu-novada-cempionats-vieglatletika-telpas\/"},"wordCount":116,"commentCount":0,"image":{"@id":"https:\/\/pbjss.edu.lv\/10-decembri-preilu-novada-cempionats-vieglatletika-telpas\/#primaryimage"},"thumbnailUrl":"https:\/\/pbjss.edu.lv\/wp-content\/uploads\/2016\/12\/20161001_solosana_ogree_08.jpg","articleSection":["Jaunumi"],"inLanguage":"en-GB","potentialAction":[{"@type":"CommentAction","name":"Comment","target":["https:\/\/pbjss.edu.lv\/10-decembri-preilu-novada-cempionats-vieglatletika-telpas\/#respond"]}]},{"@type":"WebPage","@id":"https:\/\/pbjss.edu.lv\/10-decembri-preilu-novada-cempionats-vieglatletika-telpas\/","url":"https:\/\/pbjss.edu.lv\/10-decembri-preilu-novada-cempionats-vieglatletika-telpas\/","name":"10. decembr\u012b Prei\u013cu novada \u010dempion\u0101ts vieglatl\u0113tik\u0101 telp\u0101s - Prei\u013cu novada b\u0113rnu un jaunie\u0161u sporta skola","isPartOf":{"@id":"https:\/\/pbjss.edu.lv\/#website"},"primaryImageOfPage":{"@id":"https:\/\/pbjss.edu.lv\/10-decembri-preilu-novada-cempionats-vieglatletika-telpas\/#primaryimage"},"image":{"@id":"https:\/\/pbjss.edu.lv\/10-decembri-preilu-novada-cempionats-vieglatletika-telpas\/#primaryimage"},"thumbnailUrl":"https:\/\/pbjss.edu.lv\/wp-content\/uploads\/2016\/12\/20161001_solosana_ogree_08.jpg","datePublished":"2016-12-08T08:12:14+00:00","dateModified":"2022-03-18T21:33:27+00:00","author":{"@id":"https:\/\/pbjss.edu.lv\/#\/schema\/person\/673500925eb2fbb01416cad4a44be9f7"},"breadcrumb":{"@id":"https:\/\/pbjss.edu.lv\/10-decembri-preilu-novada-cempionats-vieglatletika-telpas\/#breadcrumb"},"inLanguage":"en-GB","potentialAction":[{"@type":"ReadAction","target":["https:\/\/pbjss.edu.lv\/10-decembri-preilu-novada-cempionats-vieglatletika-telpas\/"]}]},{"@type":"ImageObject","inLanguage":"en-GB","@id":"https:\/\/pbjss.edu.lv\/10-decembri-preilu-novada-cempionats-vieglatletika-telpas\/#primaryimage","url":"https:\/\/pbjss.edu.lv\/wp-content\/uploads\/2016\/12\/20161001_solosana_ogree_08.jpg","contentUrl":"https:\/\/pbjss.edu.lv\/wp-content\/uploads\/2016\/12\/20161001_solosana_ogree_08.jpg","width":1200,"height":900},{"@type":"BreadcrumbList","@id":"https:\/\/pbjss.edu.lv\/10-decembri-preilu-novada-cempionats-vieglatletika-telpas\/#breadcrumb","itemListElement":[{"@type":"ListItem","position":1,"name":"Home","item":"https:\/\/pbjss.edu.lv\/"},{"@type":"ListItem","position":2,"name":"10. decembr\u012b Prei\u013cu novada \u010dempion\u0101ts vieglatl\u0113tik\u0101 telp\u0101s"}]},{"@type":"WebSite","@id":"https:\/\/pbjss.edu.lv\/#website","url":"https:\/\/pbjss.edu.lv\/","name":"Prei\u013cu novada b\u0113rnu un jaunie\u0161u sporta skola","description":"Augst\u0101k, t\u0101l\u0101k, stipr\u0101k!","potentialAction":[{"@type":"SearchAction","target":{"@type":"EntryPoint","urlTemplate":"https:\/\/pbjss.edu.lv\/?s={search_term_string}"},"query-input":{"@type":"PropertyValueSpecification","valueRequired":true,"valueName":"search_term_string"}}],"inLanguage":"en-GB"},{"@type":"Person","@id":"https:\/\/pbjss.edu.lv\/#\/schema\/person\/673500925eb2fbb01416cad4a44be9f7","name":"Bjss","image":{"@type":"ImageObject","inLanguage":"en-GB","@id":"https:\/\/secure.gravatar.com\/avatar\/41520995a420163723678647f92d22a050ef556c35cdb598ea5659b018a440f8?s=96&d=mm&r=g","url":"https:\/\/secure.gravatar.com\/avatar\/41520995a420163723678647f92d22a050ef556c35cdb598ea5659b018a440f8?s=96&d=mm&r=g","contentUrl":"https:\/\/secure.gravatar.com\/avatar\/41520995a420163723678647f92d22a050ef556c35cdb598ea5659b018a440f8?s=96&d=mm&r=g","caption":"Bjss"},"url":"https:\/\/pbjss.edu.lv\/en\/author\/ivars\/"}]}},"_links":{"self":[{"href":"https:\/\/pbjss.edu.lv\/en\/wp-json\/wp\/v2\/posts\/14","targetHints":{"allow":["GET"]}}],"collection":[{"href":"https:\/\/pbjss.edu.lv\/en\/wp-json\/wp\/v2\/posts"}],"about":[{"href":"https:\/\/pbjss.edu.lv\/en\/wp-json\/wp\/v2\/types\/post"}],"author":[{"embeddable":true,"href":"https:\/\/pbjss.edu.lv\/en\/wp-json\/wp\/v2\/users\/2"}],"replies":[{"embeddable":true,"href":"https:\/\/pbjss.edu.lv\/en\/wp-json\/wp\/v2\/comments?post=14"}],"version-history":[{"count":1,"href":"https:\/\/pbjss.edu.lv\/en\/wp-json\/wp\/v2\/posts\/14\/revisions"}],"predecessor-version":[{"id":15,"href":"https:\/\/pbjss.edu.lv\/en\/wp-json\/wp\/v2\/posts\/14\/revisions\/15"}],"wp:featuredmedia":[{"embeddable":true,"href":"https:\/\/pbjss.edu.lv\/en\/wp-json\/wp\/v2\/media\/16"}],"wp:attachment":[{"href":"https:\/\/pbjss.edu.lv\/en\/wp-json\/wp\/v2\/media?parent=14"}],"wp:term":[{"taxonomy":"category","embeddable":true,"href":"https:\/\/pbjss.edu.lv\/en\/wp-json\/wp\/v2\/categories?post=14"},{"taxonomy":"post_tag","embeddable":true,"href":"https:\/\/pbjss.edu.lv\/en\/wp-json\/wp\/v2\/tags?post=14"}],"curies":[{"name":"wp","href":"https:\/\/api.w.org\/{rel}","templated":true}]}}