{"id":1376,"date":"2017-07-06T15:41:29","date_gmt":"2017-07-06T12:41:29","guid":{"rendered":"http:\/\/pbjss.edu.lv\/?p=1376"},"modified":"2017-07-06T20:09:07","modified_gmt":"2017-07-06T17:09:07","slug":"1376","status":"publish","type":"post","link":"https:\/\/pbjss.edu.lv\/en\/1376\/","title":{"rendered":"Aicin\u0101m piedal\u012bties Prei\u013cu novada \u010dempion\u0101t\u0101 vieglatl\u0113tik\u0101."},"content":{"rendered":"<p>Tradicion\u0101li jau vair\u0101ku gadu garum\u0101 Prei\u013cu 2.vidusskolas man\u0113\u017e\u0101 ziemas m\u0113ne\u0161os notika gan novada \u010dempion\u0101ts vieglatl\u0113tik\u0101 telp\u0101s, k\u0101 ar\u012b kausu izc\u012b\u0146a vieglatl\u0113tik\u0101. Nu j\u0101m\u0113\u0123ina papla\u0161in\u0101ties un pied\u0101v\u0101t vieglatl\u0113tiem sam\u0113roties sp\u0113kiem un ar\u012b pie reizes atr\u0101d\u012bties pa\u0161m\u0101ju vieglatl\u0113tikas cien\u012bt\u0101jiem ar\u012b vasar\u0101, kad galvenie starti jau aiz muguras. \u0160eit ar\u012b b\u016bs iesp\u0113ja vec\u0101kiem, kuru b\u0113rni nodarbojas ar vieglatl\u0113tiku, bet nav iesp\u0113ju apmekl\u0113t un pav\u0113rot savu lolojumu startus t\u0101l\u0101k\u0101s pils\u0113t\u0101s, atn\u0101kt un l\u012bdzi just sav\u0101m atvas\u0113m. \u00a0Aicin\u0101m savus sp\u0113kus izm\u0113\u0123in\u0101t ne tikai Prei\u013cu novada vieglatl\u0113tikas noda\u013cas, bet ar\u012b sporta skolas citu sporta veidu audz\u0113k\u0146us p\u0101rbaud\u012bt sevi k\u0101d\u0101 no vieglatl\u0113tikas discipl\u012bn\u0101m. T\u0101 k\u0101 sacens\u012bbas ir atkl\u0101tas, dom\u0101ju iesp\u0113ju nostart\u0113t nepalaid\u012bs gar\u0101m ar\u012b tuv\u0101ko novadu vieglatl\u0113tikas draugi. T\u0101tad las\u0101m nolikumu un braucam uz Prei\u013ciem!<\/p>\n<p><em>L.Valdonis \u2013 sacens\u012bbu galvenais tiesnesis.<\/em><\/p>\n<p><a href=\"http:\/\/pbjss.edu.lv\/en\/event\/preilu-novada-cempionats-visas-grupas\/\">15. j\u016blij\u0101 Prei\u013cu novada \u010dempion\u0101ts vieglatl\u0113tik\u0101 pieaugu\u0161ajiem un jaunatnei\u00a0<\/a><\/p>\n<p><a href=\"http:\/\/pbjss.edu.lv\/wp-content\/uploads\/2017_Novada_cempionats_nolikums.pdf\" target=\"_blank\" rel=\"noopener\">Sacens\u012bbu nolikums (pdf)<\/a><\/p>","protected":false},"excerpt":{"rendered":"<p>Tradicion\u0101li jau vair\u0101ku gadu garum\u0101 Prei\u013cu 2.vidusskolas man\u0113\u017e\u0101 ziemas m\u0113ne\u0161os notika gan novada \u010dempion\u0101ts vieglatl\u0113tik\u0101 telp\u0101s, k\u0101 ar\u012b kausu izc\u012b\u0146a vieglatl\u0113tik\u0101. Nu j\u0101m\u0113\u0123ina papla\u0161in\u0101ties un pied\u0101v\u0101t vieglatl\u0113tiem sam\u0113roties sp\u0113kiem un [&hellip;]<\/p>\n","protected":false},"author":2,"featured_media":547,"comment_status":"closed","ping_status":"open","sticky":false,"template":"","format":"standard","meta":{"_acf_changed":false,"footnotes":""},"categories":[15],"tags":[],"class_list":["post-1376","post","type-post","status-publish","format-standard","has-post-thumbnail","hentry","category-jaunumi"],"acf":[],"yoast_head":"<!-- This site is optimized with the Yoast SEO plugin v27.5 - https:\/\/yoast.com\/product\/yoast-seo-wordpress\/ -->\n<title>Aicin\u0101m piedal\u012bties Prei\u013cu novada \u010dempion\u0101t\u0101 vieglatl\u0113tik\u0101. - Prei\u013cu novada b\u0113rnu un jaunie\u0161u sporta skola<\/title>\n<meta name=\"robots\" content=\"index, follow, max-snippet:-1, max-image-preview:large, max-video-preview:-1\" \/>\n<link rel=\"canonical\" href=\"https:\/\/pbjss.edu.lv\/en\/1376\/\" \/>\n<meta property=\"og:locale\" content=\"en_GB\" \/>\n<meta property=\"og:type\" content=\"article\" \/>\n<meta property=\"og:title\" content=\"Aicin\u0101m piedal\u012bties Prei\u013cu novada \u010dempion\u0101t\u0101 vieglatl\u0113tik\u0101. - Prei\u013cu novada b\u0113rnu un jaunie\u0161u sporta skola\" \/>\n<meta property=\"og:description\" content=\"Tradicion\u0101li jau vair\u0101ku gadu garum\u0101 Prei\u013cu 2.vidusskolas man\u0113\u017e\u0101 ziemas m\u0113ne\u0161os notika gan novada \u010dempion\u0101ts vieglatl\u0113tik\u0101 telp\u0101s, k\u0101 ar\u012b kausu izc\u012b\u0146a vieglatl\u0113tik\u0101. Nu j\u0101m\u0113\u0123ina papla\u0161in\u0101ties un pied\u0101v\u0101t vieglatl\u0113tiem sam\u0113roties sp\u0113kiem un [&hellip;]\" \/>\n<meta property=\"og:url\" content=\"https:\/\/pbjss.edu.lv\/en\/1376\/\" \/>\n<meta property=\"og:site_name\" content=\"Prei\u013cu novada b\u0113rnu un jaunie\u0161u sporta skola\" \/>\n<meta property=\"article:publisher\" content=\"https:\/\/www.facebook.com\/pbjss\/?eid=ARAe9wQ7MGM0FQFTVX7QEebpfAfe5hv7HvoN-v1Jv13lgtTNi-DDzJx16PrauJn_wRTcN6k13xTyjf4n\" \/>\n<meta property=\"article:published_time\" content=\"2017-07-06T12:41:29+00:00\" \/>\n<meta property=\"article:modified_time\" content=\"2017-07-06T17:09:07+00:00\" \/>\n<meta property=\"og:image\" content=\"https:\/\/pbjss.edu.lv\/wp-content\/uploads\/galda-tenisisti-starte-stiga-kausa-salaspili\/bjss_logo.jpg\" \/>\n\t<meta property=\"og:image:width\" content=\"1160\" \/>\n\t<meta property=\"og:image:height\" content=\"905\" \/>\n\t<meta property=\"og:image:type\" content=\"image\/jpeg\" \/>\n<meta name=\"author\" content=\"Bjss\" \/>\n<meta name=\"twitter:card\" content=\"summary_large_image\" \/>\n<meta name=\"twitter:label1\" content=\"Written by\" \/>\n\t<meta name=\"twitter:data1\" content=\"Bjss\" \/>\n\t<meta name=\"twitter:label2\" content=\"Estimated reading time\" \/>\n\t<meta name=\"twitter:data2\" content=\"1 minute\" \/>\n<script type=\"application\/ld+json\" class=\"yoast-schema-graph\">{\"@context\":\"https:\\\/\\\/schema.org\",\"@graph\":[{\"@type\":\"Article\",\"@id\":\"https:\\\/\\\/pbjss.edu.lv\\\/1376\\\/#article\",\"isPartOf\":{\"@id\":\"https:\\\/\\\/pbjss.edu.lv\\\/1376\\\/\"},\"author\":{\"name\":\"Bjss\",\"@id\":\"https:\\\/\\\/pbjss.edu.lv\\\/#\\\/schema\\\/person\\\/673500925eb2fbb01416cad4a44be9f7\"},\"headline\":\"Aicin\u0101m piedal\u012bties Prei\u013cu novada \u010dempion\u0101t\u0101 vieglatl\u0113tik\u0101.\",\"datePublished\":\"2017-07-06T12:41:29+00:00\",\"dateModified\":\"2017-07-06T17:09:07+00:00\",\"mainEntityOfPage\":{\"@id\":\"https:\\\/\\\/pbjss.edu.lv\\\/1376\\\/\"},\"wordCount\":222,\"image\":{\"@id\":\"https:\\\/\\\/pbjss.edu.lv\\\/1376\\\/#primaryimage\"},\"thumbnailUrl\":\"https:\\\/\\\/pbjss.edu.lv\\\/wp-content\\\/uploads\\\/galda-tenisisti-starte-stiga-kausa-salaspili\\\/bjss_logo.jpg\",\"articleSection\":[\"Jaunumi\"],\"inLanguage\":\"en-GB\"},{\"@type\":\"WebPage\",\"@id\":\"https:\\\/\\\/pbjss.edu.lv\\\/1376\\\/\",\"url\":\"https:\\\/\\\/pbjss.edu.lv\\\/1376\\\/\",\"name\":\"Aicin\u0101m piedal\u012bties Prei\u013cu novada \u010dempion\u0101t\u0101 vieglatl\u0113tik\u0101. - Prei\u013cu novada b\u0113rnu un jaunie\u0161u sporta skola\",\"isPartOf\":{\"@id\":\"https:\\\/\\\/pbjss.edu.lv\\\/#website\"},\"primaryImageOfPage\":{\"@id\":\"https:\\\/\\\/pbjss.edu.lv\\\/1376\\\/#primaryimage\"},\"image\":{\"@id\":\"https:\\\/\\\/pbjss.edu.lv\\\/1376\\\/#primaryimage\"},\"thumbnailUrl\":\"https:\\\/\\\/pbjss.edu.lv\\\/wp-content\\\/uploads\\\/galda-tenisisti-starte-stiga-kausa-salaspili\\\/bjss_logo.jpg\",\"datePublished\":\"2017-07-06T12:41:29+00:00\",\"dateModified\":\"2017-07-06T17:09:07+00:00\",\"author\":{\"@id\":\"https:\\\/\\\/pbjss.edu.lv\\\/#\\\/schema\\\/person\\\/673500925eb2fbb01416cad4a44be9f7\"},\"breadcrumb\":{\"@id\":\"https:\\\/\\\/pbjss.edu.lv\\\/1376\\\/#breadcrumb\"},\"inLanguage\":\"en-GB\",\"potentialAction\":[{\"@type\":\"ReadAction\",\"target\":[\"https:\\\/\\\/pbjss.edu.lv\\\/1376\\\/\"]}]},{\"@type\":\"ImageObject\",\"inLanguage\":\"en-GB\",\"@id\":\"https:\\\/\\\/pbjss.edu.lv\\\/1376\\\/#primaryimage\",\"url\":\"https:\\\/\\\/pbjss.edu.lv\\\/wp-content\\\/uploads\\\/galda-tenisisti-starte-stiga-kausa-salaspili\\\/bjss_logo.jpg\",\"contentUrl\":\"https:\\\/\\\/pbjss.edu.lv\\\/wp-content\\\/uploads\\\/galda-tenisisti-starte-stiga-kausa-salaspili\\\/bjss_logo.jpg\",\"width\":1160,\"height\":905},{\"@type\":\"BreadcrumbList\",\"@id\":\"https:\\\/\\\/pbjss.edu.lv\\\/1376\\\/#breadcrumb\",\"itemListElement\":[{\"@type\":\"ListItem\",\"position\":1,\"name\":\"Home\",\"item\":\"https:\\\/\\\/pbjss.edu.lv\\\/\"},{\"@type\":\"ListItem\",\"position\":2,\"name\":\"Aicin\u0101m piedal\u012bties Prei\u013cu novada \u010dempion\u0101t\u0101 vieglatl\u0113tik\u0101.\"}]},{\"@type\":\"WebSite\",\"@id\":\"https:\\\/\\\/pbjss.edu.lv\\\/#website\",\"url\":\"https:\\\/\\\/pbjss.edu.lv\\\/\",\"name\":\"Prei\u013cu novada b\u0113rnu un jaunie\u0161u sporta skola\",\"description\":\"Augst\u0101k, t\u0101l\u0101k, stipr\u0101k!\",\"potentialAction\":[{\"@type\":\"SearchAction\",\"target\":{\"@type\":\"EntryPoint\",\"urlTemplate\":\"https:\\\/\\\/pbjss.edu.lv\\\/?s={search_term_string}\"},\"query-input\":{\"@type\":\"PropertyValueSpecification\",\"valueRequired\":true,\"valueName\":\"search_term_string\"}}],\"inLanguage\":\"en-GB\"},{\"@type\":\"Person\",\"@id\":\"https:\\\/\\\/pbjss.edu.lv\\\/#\\\/schema\\\/person\\\/673500925eb2fbb01416cad4a44be9f7\",\"name\":\"Bjss\",\"image\":{\"@type\":\"ImageObject\",\"inLanguage\":\"en-GB\",\"@id\":\"https:\\\/\\\/secure.gravatar.com\\\/avatar\\\/41520995a420163723678647f92d22a050ef556c35cdb598ea5659b018a440f8?s=96&d=mm&r=g\",\"url\":\"https:\\\/\\\/secure.gravatar.com\\\/avatar\\\/41520995a420163723678647f92d22a050ef556c35cdb598ea5659b018a440f8?s=96&d=mm&r=g\",\"contentUrl\":\"https:\\\/\\\/secure.gravatar.com\\\/avatar\\\/41520995a420163723678647f92d22a050ef556c35cdb598ea5659b018a440f8?s=96&d=mm&r=g\",\"caption\":\"Bjss\"},\"url\":\"https:\\\/\\\/pbjss.edu.lv\\\/en\\\/author\\\/ivars\\\/\"}]}<\/script>\n<!-- \/ Yoast SEO plugin. -->","yoast_head_json":{"title":"Aicin\u0101m piedal\u012bties Prei\u013cu novada \u010dempion\u0101t\u0101 vieglatl\u0113tik\u0101. - Prei\u013cu novada b\u0113rnu un jaunie\u0161u sporta skola","robots":{"index":"index","follow":"follow","max-snippet":"max-snippet:-1","max-image-preview":"max-image-preview:large","max-video-preview":"max-video-preview:-1"},"canonical":"https:\/\/pbjss.edu.lv\/en\/1376\/","og_locale":"en_GB","og_type":"article","og_title":"Aicin\u0101m piedal\u012bties Prei\u013cu novada \u010dempion\u0101t\u0101 vieglatl\u0113tik\u0101. - Prei\u013cu novada b\u0113rnu un jaunie\u0161u sporta skola","og_description":"Tradicion\u0101li jau vair\u0101ku gadu garum\u0101 Prei\u013cu 2.vidusskolas man\u0113\u017e\u0101 ziemas m\u0113ne\u0161os notika gan novada \u010dempion\u0101ts vieglatl\u0113tik\u0101 telp\u0101s, k\u0101 ar\u012b kausu izc\u012b\u0146a vieglatl\u0113tik\u0101. Nu j\u0101m\u0113\u0123ina papla\u0161in\u0101ties un pied\u0101v\u0101t vieglatl\u0113tiem sam\u0113roties sp\u0113kiem un [&hellip;]","og_url":"https:\/\/pbjss.edu.lv\/en\/1376\/","og_site_name":"Prei\u013cu novada b\u0113rnu un jaunie\u0161u sporta skola","article_publisher":"https:\/\/www.facebook.com\/pbjss\/?eid=ARAe9wQ7MGM0FQFTVX7QEebpfAfe5hv7HvoN-v1Jv13lgtTNi-DDzJx16PrauJn_wRTcN6k13xTyjf4n","article_published_time":"2017-07-06T12:41:29+00:00","article_modified_time":"2017-07-06T17:09:07+00:00","og_image":[{"width":1160,"height":905,"url":"https:\/\/pbjss.edu.lv\/wp-content\/uploads\/galda-tenisisti-starte-stiga-kausa-salaspili\/bjss_logo.jpg","type":"image\/jpeg"}],"author":"Bjss","twitter_card":"summary_large_image","twitter_misc":{"Written by":"Bjss","Estimated reading time":"1 minute"},"schema":{"@context":"https:\/\/schema.org","@graph":[{"@type":"Article","@id":"https:\/\/pbjss.edu.lv\/1376\/#article","isPartOf":{"@id":"https:\/\/pbjss.edu.lv\/1376\/"},"author":{"name":"Bjss","@id":"https:\/\/pbjss.edu.lv\/#\/schema\/person\/673500925eb2fbb01416cad4a44be9f7"},"headline":"Aicin\u0101m piedal\u012bties Prei\u013cu novada \u010dempion\u0101t\u0101 vieglatl\u0113tik\u0101.","datePublished":"2017-07-06T12:41:29+00:00","dateModified":"2017-07-06T17:09:07+00:00","mainEntityOfPage":{"@id":"https:\/\/pbjss.edu.lv\/1376\/"},"wordCount":222,"image":{"@id":"https:\/\/pbjss.edu.lv\/1376\/#primaryimage"},"thumbnailUrl":"https:\/\/pbjss.edu.lv\/wp-content\/uploads\/galda-tenisisti-starte-stiga-kausa-salaspili\/bjss_logo.jpg","articleSection":["Jaunumi"],"inLanguage":"en-GB"},{"@type":"WebPage","@id":"https:\/\/pbjss.edu.lv\/1376\/","url":"https:\/\/pbjss.edu.lv\/1376\/","name":"Aicin\u0101m piedal\u012bties Prei\u013cu novada \u010dempion\u0101t\u0101 vieglatl\u0113tik\u0101. - Prei\u013cu novada b\u0113rnu un jaunie\u0161u sporta skola","isPartOf":{"@id":"https:\/\/pbjss.edu.lv\/#website"},"primaryImageOfPage":{"@id":"https:\/\/pbjss.edu.lv\/1376\/#primaryimage"},"image":{"@id":"https:\/\/pbjss.edu.lv\/1376\/#primaryimage"},"thumbnailUrl":"https:\/\/pbjss.edu.lv\/wp-content\/uploads\/galda-tenisisti-starte-stiga-kausa-salaspili\/bjss_logo.jpg","datePublished":"2017-07-06T12:41:29+00:00","dateModified":"2017-07-06T17:09:07+00:00","author":{"@id":"https:\/\/pbjss.edu.lv\/#\/schema\/person\/673500925eb2fbb01416cad4a44be9f7"},"breadcrumb":{"@id":"https:\/\/pbjss.edu.lv\/1376\/#breadcrumb"},"inLanguage":"en-GB","potentialAction":[{"@type":"ReadAction","target":["https:\/\/pbjss.edu.lv\/1376\/"]}]},{"@type":"ImageObject","inLanguage":"en-GB","@id":"https:\/\/pbjss.edu.lv\/1376\/#primaryimage","url":"https:\/\/pbjss.edu.lv\/wp-content\/uploads\/galda-tenisisti-starte-stiga-kausa-salaspili\/bjss_logo.jpg","contentUrl":"https:\/\/pbjss.edu.lv\/wp-content\/uploads\/galda-tenisisti-starte-stiga-kausa-salaspili\/bjss_logo.jpg","width":1160,"height":905},{"@type":"BreadcrumbList","@id":"https:\/\/pbjss.edu.lv\/1376\/#breadcrumb","itemListElement":[{"@type":"ListItem","position":1,"name":"Home","item":"https:\/\/pbjss.edu.lv\/"},{"@type":"ListItem","position":2,"name":"Aicin\u0101m piedal\u012bties Prei\u013cu novada \u010dempion\u0101t\u0101 vieglatl\u0113tik\u0101."}]},{"@type":"WebSite","@id":"https:\/\/pbjss.edu.lv\/#website","url":"https:\/\/pbjss.edu.lv\/","name":"Prei\u013cu novada b\u0113rnu un jaunie\u0161u sporta skola","description":"Augst\u0101k, t\u0101l\u0101k, stipr\u0101k!","potentialAction":[{"@type":"SearchAction","target":{"@type":"EntryPoint","urlTemplate":"https:\/\/pbjss.edu.lv\/?s={search_term_string}"},"query-input":{"@type":"PropertyValueSpecification","valueRequired":true,"valueName":"search_term_string"}}],"inLanguage":"en-GB"},{"@type":"Person","@id":"https:\/\/pbjss.edu.lv\/#\/schema\/person\/673500925eb2fbb01416cad4a44be9f7","name":"Bjss","image":{"@type":"ImageObject","inLanguage":"en-GB","@id":"https:\/\/secure.gravatar.com\/avatar\/41520995a420163723678647f92d22a050ef556c35cdb598ea5659b018a440f8?s=96&d=mm&r=g","url":"https:\/\/secure.gravatar.com\/avatar\/41520995a420163723678647f92d22a050ef556c35cdb598ea5659b018a440f8?s=96&d=mm&r=g","contentUrl":"https:\/\/secure.gravatar.com\/avatar\/41520995a420163723678647f92d22a050ef556c35cdb598ea5659b018a440f8?s=96&d=mm&r=g","caption":"Bjss"},"url":"https:\/\/pbjss.edu.lv\/en\/author\/ivars\/"}]}},"_links":{"self":[{"href":"https:\/\/pbjss.edu.lv\/en\/wp-json\/wp\/v2\/posts\/1376","targetHints":{"allow":["GET"]}}],"collection":[{"href":"https:\/\/pbjss.edu.lv\/en\/wp-json\/wp\/v2\/posts"}],"about":[{"href":"https:\/\/pbjss.edu.lv\/en\/wp-json\/wp\/v2\/types\/post"}],"author":[{"embeddable":true,"href":"https:\/\/pbjss.edu.lv\/en\/wp-json\/wp\/v2\/users\/2"}],"replies":[{"embeddable":true,"href":"https:\/\/pbjss.edu.lv\/en\/wp-json\/wp\/v2\/comments?post=1376"}],"version-history":[{"count":7,"href":"https:\/\/pbjss.edu.lv\/en\/wp-json\/wp\/v2\/posts\/1376\/revisions"}],"predecessor-version":[{"id":1384,"href":"https:\/\/pbjss.edu.lv\/en\/wp-json\/wp\/v2\/posts\/1376\/revisions\/1384"}],"wp:featuredmedia":[{"embeddable":true,"href":"https:\/\/pbjss.edu.lv\/en\/wp-json\/wp\/v2\/media\/547"}],"wp:attachment":[{"href":"https:\/\/pbjss.edu.lv\/en\/wp-json\/wp\/v2\/media?parent=1376"}],"wp:term":[{"taxonomy":"category","embeddable":true,"href":"https:\/\/pbjss.edu.lv\/en\/wp-json\/wp\/v2\/categories?post=1376"},{"taxonomy":"post_tag","embeddable":true,"href":"https:\/\/pbjss.edu.lv\/en\/wp-json\/wp\/v2\/tags?post=1376"}],"curies":[{"name":"wp","href":"https:\/\/api.w.org\/{rel}","templated":true}]}}