{"id":12658,"date":"2024-01-18T15:30:29","date_gmt":"2024-01-18T13:30:29","guid":{"rendered":"https:\/\/pbjss.edu.lv\/?p=9548"},"modified":"2024-01-18T15:30:29","modified_gmt":"2024-01-18T13:30:29","slug":"preilu-novada-jauno-vieglatletu-starti-sacensibas-maza-balva-2024","status":"publish","type":"post","link":"https:\/\/pbjss.edu.lv\/en\/preilu-novada-jauno-vieglatletu-starti-sacensibas-maza-balva-2024\/","title":{"rendered":"Prei\u013cu novada jauno vieglatl\u0113tu starti sacens\u012bb\u0101s \u201cMaz\u0101 balva 2024\u201d"},"content":{"rendered":"<p>17.janv\u0101r\u012b Prei\u013cu 2.vidusskolas man\u0113\u017e\u0101 notika Prei\u013cu novada BJSS jauno vieglatl\u0113tu sacens\u012bbas U-12 un U-14 vecuma grup\u0101m 2.posms.1.posms notika 12.decembr\u012b, bet tre\u0161ais posms notiks febru\u0101r\u012b. Sacens\u012bbas paredz\u0113tas jaunajiem vieglatl\u0113tiem, lai p\u0101rbaud\u012btu sportistu fizisko sagatavot\u012bbu, izpild\u012btu kvalifik\u0101cijas normat\u012bvus uz Latvijas \u010dempion\u0101tu U-14 gr. un g\u016btu sacens\u012bbu pieredzi. \u0160os jaunus vieglatl\u0113tus tren\u0113 sporta skolas\u00a0 treneri S.Stankevi\u010ds, L.Gr\u012bnberga, M.Pok\u0161\u0101ne, O.Borisova, F.Pu\u0161\u0146akovs, J.Brakovskis &#8211; Prei\u013cos, Aglon\u0101, Riebi\u0146os, V\u0101rkav\u0101.<\/p>\n<p>2.posma sacens\u012bbu uzvar\u0113t\u0101ji :<\/p>\n<p><strong>U-12 gr. meitenes:<\/strong><\/p>\n<p>60m skr.\u00a0 \u00a0\u00a0\u00a0\u00a0\u00a0\u00a0\u00a0\u00a0\u00a0 Sintija Uzuli\u0146a \u00a0\u00a0\u00a0\u00a0\u00a0\u00a0\u00a0\u00a0\u00a0\u00a0\u00a0\u00a0\u00a0\u00a0\u00a0 \u00a0rez.\u00a0 9,4 \u00a0\u00a0\u00a0\u00a0\u00a0\u00a0\u00a0\u00a0\u00a0\u00a0\u00a0\u00a0\u00a0 treneris S.Stankevi\u010ds<\/p>\n<p>60m barjerskr.\u00a0 Signe\u00a0 Laganovska \u00a0\u00a0\u00a0\u00a0\u00a0\u00a0\u00a0\u00a0\u00a0 \u00a0rez.\u00a0 13,2\u00a0\u00a0\u00a0\u00a0\u00a0\u00a0\u00a0\u00a0\u00a0\u00a0\u00a0\u00a0\u00a0 treneris S.Stankevi\u010ds<\/p>\n<p>1000m skr. \u00a0\u00a0\u00a0\u00a0\u00a0\u00a0\u00a0 Signe Laganovska \u00a0\u00a0\u00a0\u00a0\u00a0\u00a0\u00a0\u00a0\u00a0\u00a0 rez. 4:03,8\u00a0\u00a0\u00a0\u00a0\u00a0\u00a0\u00a0\u00a0\u00a0\u00a0\u00a0\u00a0\u00a0 treneris S.Stankevi\u010ds<\/p>\n<p>1000m so\u013c. \u00a0\u00a0\u00a0\u00a0\u00a0\u00a0\u00a0 Lozda Agija\u00a0\u00a0\u00a0\u00a0\u00a0\u00a0\u00a0\u00a0 \u00a0\u00a0\u00a0\u00a0\u00a0\u00a0\u00a0\u00a0\u00a0\u00a0\u00a0\u00a0\u00a0 rez. 6:57,1\u00a0\u00a0\u00a0\u00a0\u00a0\u00a0\u00a0\u00a0\u00a0\u00a0\u00a0\u00a0\u00a0 treneris S.Stankevi\u010ds<\/p>\n<p>t\u0101ll\u0113k\u0161an\u0101\u00a0\u00a0\u00a0\u00a0\u00a0\u00a0\u00a0\u00a0\u00a0 Sintija Uzuli\u0146a\u00a0\u00a0 \u00a0\u00a0\u00a0\u00a0\u00a0\u00a0\u00a0\u00a0\u00a0\u00a0\u00a0\u00a0\u00a0 rez. 3,92\u00a0\u00a0\u00a0\u00a0\u00a0\u00a0\u00a0\u00a0\u00a0\u00a0\u00a0\u00a0\u00a0 treneris S.Stankevi\u010ds<\/p>\n<p>augstl\u0113k\u0161an\u0101\u00a0\u00a0\u00a0\u00a0 Sintija Uzuli\u0146a\u00a0\u00a0 \u00a0\u00a0\u00a0\u00a0\u00a0\u00a0\u00a0\u00a0\u00a0\u00a0\u00a0\u00a0\u00a0 rez. 1,25 \u00a0\u00a0\u00a0\u00a0\u00a0\u00a0\u00a0\u00a0\u00a0\u00a0\u00a0\u00a0\u00a0 treneris S.Stankevi\u010ds<\/p>\n<p>pildbumbas gr.\u00a0 Ieva Valaine\u00a0\u00a0\u00a0\u00a0\u00a0\u00a0 \u00a0\u00a0\u00a0\u00a0\u00a0\u00a0\u00a0\u00a0\u00a0\u00a0\u00a0\u00a0\u00a0 rez. 5,99\u00a0\u00a0\u00a0\u00a0\u00a0\u00a0\u00a0\u00a0\u00a0\u00a0\u00a0\u00a0\u00a0 trenere M.Pok\u0161\u0101ne<\/p>\n<p><strong>U-12 gr. z\u0113ni:<\/strong><\/p>\n<p>60m skr.\u00a0 \u00a0\u00a0\u00a0\u00a0\u00a0\u00a0\u00a0\u00a0\u00a0 Art\u016brs Podnieks \u00a0\u00a0\u00a0\u00a0\u00a0\u00a0\u00a0\u00a0\u00a0\u00a0\u00a0\u00a0\u00a0 rez. 9,3 \u00a0\u00a0\u00a0\u00a0\u00a0\u00a0\u00a0\u00a0\u00a0\u00a0\u00a0\u00a0\u00a0 trenere L.Gr\u012bnberga<\/p>\n<p>60m barjerskr. Anatolijs Stepanovs\u00a0\u00a0\u00a0\u00a0\u00a0\u00a0\u00a0\u00a0 rez. 14,5\u00a0\u00a0\u00a0\u00a0\u00a0\u00a0\u00a0\u00a0\u00a0\u00a0\u00a0\u00a0\u00a0 trenere M.Pok\u0161\u0101ne<\/p>\n<p>1000m skr. \u00a0\u00a0\u00a0\u00a0\u00a0\u00a0\u00a0 Art\u016brs Podnieks \u00a0\u00a0\u00a0\u00a0\u00a0\u00a0\u00a0\u00a0\u00a0\u00a0\u00a0\u00a0\u00a0 rez. 3:54,2 \u00a0\u00a0\u00a0\u00a0\u00a0\u00a0\u00a0\u00a0\u00a0\u00a0\u00a0\u00a0\u00a0 trenere L.Gr\u012bnberga<\/p>\n<p>1000m so\u013c. \u00a0\u00a0\u00a0\u00a0\u00a0\u00a0\u00a0 Artis Tu\u0146\u0137elis\u00a0\u00a0\u00a0\u00a0\u00a0\u00a0\u00a0\u00a0\u00a0\u00a0\u00a0\u00a0\u00a0\u00a0\u00a0\u00a0\u00a0 rez. 17:24,1 \u00a0\u00a0\u00a0\u00a0\u00a0\u00a0\u00a0\u00a0\u00a0\u00a0\u00a0\u00a0\u00a0 treneris S.Stankevi\u010ds<\/p>\n<p>t\u0101ll\u0113k\u0161an\u0101\u00a0\u00a0\u00a0\u00a0\u00a0\u00a0\u00a0\u00a0\u00a0 Opolais Edvards \u00a0\u00a0\u00a0\u00a0\u00a0\u00a0\u00a0\u00a0\u00a0\u00a0\u00a0\u00a0\u00a0 rez. 3,77 \u00a0\u00a0\u00a0\u00a0\u00a0\u00a0\u00a0\u00a0\u00a0\u00a0\u00a0\u00a0\u00a0 trenere L.Gr\u012bnberga<\/p>\n<p>augstl\u0113k\u0161an\u0101\u00a0\u00a0\u00a0\u00a0 Opolais Edvards\u00a0\u00a0\u00a0\u00a0\u00a0\u00a0\u00a0\u00a0\u00a0\u00a0\u00a0\u00a0\u00a0 rez. 1,10 \u00a0\u00a0\u00a0\u00a0\u00a0\u00a0\u00a0\u00a0\u00a0\u00a0\u00a0\u00a0\u00a0 trenere L.Gr\u012bnberga<\/p>\n<p>pildbumbas gr.\u00a0\u00a0 Kristians Kr\u016bmi\u0146\u0161\u00a0\u00a0\u00a0\u00a0\u00a0\u00a0\u00a0\u00a0\u00a0\u00a0 rez. 9,52 \u00a0\u00a0\u00a0\u00a0\u00a0\u00a0\u00a0\u00a0\u00a0\u00a0\u00a0\u00a0\u00a0 treneris S.Stankevi\u010ds<\/p>\n<p><strong>U-14 gr. meitenes:<\/strong><\/p>\n<p>60m skr.\u00a0\u00a0\u00a0\u00a0\u00a0\u00a0\u00a0\u00a0\u00a0\u00a0\u00a0\u00a0 Elise Skumbina\u00a0\u00a0\u00a0\u00a0\u00a0\u00a0\u00a0\u00a0\u00a0\u00a0\u00a0\u00a0\u00a0\u00a0\u00a0 rez. 9,3 \u00a0\u00a0\u00a0\u00a0\u00a0\u00a0\u00a0\u00a0\u00a0\u00a0\u00a0\u00a0\u00a0 trenere L.Gr\u012bnberga<\/p>\n<p>60m barjerskr. Signija Pastare\u00a0\u00a0\u00a0\u00a0\u00a0\u00a0\u00a0\u00a0\u00a0\u00a0\u00a0\u00a0\u00a0\u00a0\u00a0\u00a0\u00a0 rez. 12,7\u00a0\u00a0\u00a0\u00a0\u00a0\u00a0\u00a0\u00a0\u00a0\u00a0\u00a0\u00a0\u00a0 trenere M.Pok\u0161\u0101ne<\/p>\n<p>1000m skr. \u00a0\u00a0\u00a0\u00a0\u00a0\u00a0\u00a0 El\u012bna Bu\u0137e\u00a0\u00a0\u00a0\u00a0\u00a0\u00a0\u00a0\u00a0\u00a0 \u00a0\u00a0\u00a0\u00a0\u00a0\u00a0\u00a0\u00a0\u00a0\u00a0\u00a0\u00a0\u00a0 rez. 3:52,5\u00a0\u00a0\u00a0\u00a0\u00a0\u00a0\u00a0\u00a0\u00a0\u00a0\u00a0\u00a0\u00a0 trenere L.Gr\u012bnberga<\/p>\n<p>t\u0101ll\u0113k\u0161an\u0101\u00a0\u00a0\u00a0\u00a0\u00a0\u00a0\u00a0\u00a0\u00a0 Signija Pastare\u00a0\u00a0\u00a0\u00a0\u00a0\u00a0\u00a0\u00a0\u00a0\u00a0\u00a0\u00a0\u00a0\u00a0\u00a0\u00a0 rez. 4,25 \u00a0\u00a0\u00a0\u00a0\u00a0\u00a0\u00a0\u00a0\u00a0\u00a0\u00a0\u00a0\u00a0 trenere M.Pok\u0161\u0101ne<\/p>\n<p>augstl\u0113k\u0161an\u0101\u00a0\u00a0\u00a0\u00a0 Elise Skumbina\u00a0 \u00a0\u00a0\u00a0\u00a0\u00a0\u00a0\u00a0\u00a0\u00a0\u00a0\u00a0\u00a0\u00a0 rez. 1,30 \u00a0\u00a0\u00a0\u00a0\u00a0\u00a0\u00a0\u00a0\u00a0\u00a0\u00a0\u00a0\u00a0 trenere L.Gr\u012bnberga<\/p>\n<p>pildbumbas gr.\u00a0\u00a0 Lilita Linda Ceple\u00a0\u00a0\u00a0\u00a0\u00a0\u00a0\u00a0\u00a0\u00a0\u00a0\u00a0 rez. 10,59 \u00a0\u00a0\u00a0\u00a0\u00a0\u00a0\u00a0\u00a0\u00a0\u00a0\u00a0\u00a0\u00a0 treneris S.Stankevi\u010ds<\/p>\n<p><strong>U-14 gr. z\u0113ni:<\/strong><\/p>\n<p>60m skr.\u00a0\u00a0\u00a0\u00a0\u00a0\u00a0\u00a0\u00a0\u00a0\u00a0\u00a0\u00a0 Imants Lavrenovs\u00a0\u00a0\u00a0\u00a0\u00a0\u00a0\u00a0\u00a0\u00a0\u00a0 rez. 9,1 \u00a0\u00a0\u00a0\u00a0\u00a0\u00a0\u00a0\u00a0\u00a0\u00a0\u00a0\u00a0\u00a0 trenere M.Pok\u0161\u0101ne<\/p>\n<p>60m barjerskr. D\u0101vids Stup\u0101ns\u00a0\u00a0 \u00a0\u00a0\u00a0\u00a0\u00a0\u00a0\u00a0\u00a0\u00a0\u00a0\u00a0\u00a0\u00a0 rez. 9,6 \u00a0\u00a0\u00a0\u00a0\u00a0\u00a0\u00a0\u00a0\u00a0\u00a0\u00a0\u00a0\u00a0 trenere L.Gr\u012bnberga<\/p>\n<p>1000m skr. Sebastians Civkors\u00a0\u00a0\u00a0 \u00a0\u00a0\u00a0\u00a0\u00a0\u00a0\u00a0\u00a0\u00a0\u00a0\u00a0\u00a0\u00a0 rez. 4:22,7\u00a0\u00a0\u00a0\u00a0\u00a0\u00a0\u00a0\u00a0\u00a0\u00a0\u00a0\u00a0\u00a0 trenere L.Gr\u012bnberga<\/p>\n<p>1000m so\u013c. \u00a0\u00a0\u00a0\u00a0\u00a0\u00a0\u00a0 Daniils Danilovs \u00a0\u00a0\u00a0\u00a0\u00a0\u00a0\u00a0\u00a0\u00a0\u00a0\u00a0\u00a0\u00a0 rez. 5:54,5\u00a0\u00a0\u00a0\u00a0\u00a0\u00a0\u00a0\u00a0\u00a0\u00a0\u00a0\u00a0\u00a0 trenere Olga Borisova<\/p>\n<p>t\u0101ll\u0113k\u0161an\u0101\u00a0\u00a0\u00a0\u00a0\u00a0\u00a0\u00a0\u00a0\u00a0 D\u0101vids Stup\u0101ns \u00a0\u00a0\u00a0\u00a0\u00a0\u00a0\u00a0\u00a0\u00a0\u00a0\u00a0\u00a0\u00a0 rez. 4,75\u00a0\u00a0\u00a0\u00a0\u00a0\u00a0\u00a0\u00a0\u00a0\u00a0\u00a0\u00a0\u00a0 trenere L.Gr\u012bnberga<\/p>\n<p>augstl\u0113k\u0161an\u0101\u00a0\u00a0\u00a0\u00a0 D\u0101vids Stup\u0101ns \u00a0\u00a0\u00a0\u00a0\u00a0\u00a0\u00a0\u00a0\u00a0\u00a0\u00a0\u00a0\u00a0 rez. 1,40 \u00a0\u00a0\u00a0\u00a0\u00a0\u00a0\u00a0\u00a0\u00a0\u00a0\u00a0\u00a0\u00a0 trenere L.Gr\u012bnberga<\/p>\n<p>pildbumbas gr.\u00a0\u00a0 Rom\u0101ns Linds\u00a0\u00a0\u00a0\u00a0\u00a0\u00a0\u00a0\u00a0\u00a0\u00a0\u00a0\u00a0\u00a0\u00a0\u00a0\u00a0 rez. 10,19 \u00a0\u00a0\u00a0\u00a0\u00a0\u00a0\u00a0\u00a0\u00a0\u00a0\u00a0\u00a0\u00a0 trenere Olga Borisova<\/p>\n<p>&nbsp;<\/p>\n<p><em>Inform\u0101ciju sagatavoja<\/em><br \/>\n<em>V.Nei\u0161tadte<\/em><\/p>\n<p><img loading=\"lazy\" decoding=\"async\" class=\"alignnone wp-image-9554 size-large\" src=\"https:\/\/pbjss.edu.lv\/wp-content\/uploads\/preilu-novada-jauno-vieglatletu-starti-sacensibas-maza-balva-2024\/20240118_maza_balva-1024x576.jpg\" alt=\"\" width=\"1024\" height=\"576\" \/><\/p>","protected":false},"excerpt":{"rendered":"<p>17.janv\u0101r\u012b Prei\u013cu 2.vidusskolas man\u0113\u017e\u0101 notika Prei\u013cu novada BJSS jauno vieglatl\u0113tu sacens\u012bbas U-12 un U-14 vecuma grup\u0101m 2.posms.1.posms notika 12.decembr\u012b, bet tre\u0161ais posms notiks febru\u0101r\u012b. Sacens\u012bbas paredz\u0113tas jaunajiem vieglatl\u0113tiem, lai p\u0101rbaud\u012btu [&hellip;]<\/p>\n","protected":false},"author":2,"featured_media":9549,"comment_status":"closed","ping_status":"open","sticky":false,"template":"","format":"standard","meta":{"_acf_changed":false,"footnotes":""},"categories":[15],"tags":[],"class_list":["post-12658","post","type-post","status-publish","format-standard","has-post-thumbnail","hentry","category-jaunumi"],"acf":[],"yoast_head":"<!-- This site is optimized with the Yoast SEO plugin v27.5 - https:\/\/yoast.com\/product\/yoast-seo-wordpress\/ -->\n<title>Prei\u013cu novada jauno vieglatl\u0113tu starti sacens\u012bb\u0101s \u201cMaz\u0101 balva 2024\u201d<\/title>\n<meta name=\"robots\" content=\"index, follow, max-snippet:-1, max-image-preview:large, max-video-preview:-1\" \/>\n<link rel=\"canonical\" href=\"https:\/\/pbjss.edu.lv\/en\/preilu-novada-jauno-vieglatletu-starti-sacensibas-maza-balva-2024\/\" \/>\n<meta property=\"og:locale\" content=\"en_GB\" \/>\n<meta property=\"og:type\" content=\"article\" \/>\n<meta property=\"og:title\" content=\"Prei\u013cu novada jauno vieglatl\u0113tu starti sacens\u012bb\u0101s \u201cMaz\u0101 balva 2024\u201d\" \/>\n<meta property=\"og:description\" content=\"17.janv\u0101r\u012b Prei\u013cu 2.vidusskolas man\u0113\u017e\u0101 notika Prei\u013cu novada BJSS jauno vieglatl\u0113tu sacens\u012bbas U-12 un U-14 vecuma grup\u0101m 2.posms.1.posms notika 12.decembr\u012b, bet tre\u0161ais posms notiks febru\u0101r\u012b. Sacens\u012bbas paredz\u0113tas jaunajiem vieglatl\u0113tiem, lai p\u0101rbaud\u012btu [&hellip;]\" \/>\n<meta property=\"og:url\" content=\"https:\/\/pbjss.edu.lv\/en\/preilu-novada-jauno-vieglatletu-starti-sacensibas-maza-balva-2024\/\" \/>\n<meta property=\"og:site_name\" content=\"Prei\u013cu novada b\u0113rnu un jaunie\u0161u sporta skola\" \/>\n<meta property=\"article:publisher\" content=\"https:\/\/www.facebook.com\/pbjss\/?eid=ARAe9wQ7MGM0FQFTVX7QEebpfAfe5hv7HvoN-v1Jv13lgtTNi-DDzJx16PrauJn_wRTcN6k13xTyjf4n\" \/>\n<meta property=\"article:published_time\" content=\"2024-01-18T13:30:29+00:00\" \/>\n<meta name=\"author\" content=\"Bjss\" \/>\n<meta name=\"twitter:card\" content=\"summary_large_image\" \/>\n<meta name=\"twitter:label1\" content=\"Written by\" \/>\n\t<meta name=\"twitter:data1\" content=\"Bjss\" \/>\n\t<meta name=\"twitter:label2\" content=\"Estimated reading time\" \/>\n\t<meta name=\"twitter:data2\" content=\"2 minutes\" \/>\n<script type=\"application\/ld+json\" class=\"yoast-schema-graph\">{\"@context\":\"https:\\\/\\\/schema.org\",\"@graph\":[{\"@type\":\"Article\",\"@id\":\"https:\\\/\\\/pbjss.edu.lv\\\/preilu-novada-jauno-vieglatletu-starti-sacensibas-maza-balva-2024\\\/#article\",\"isPartOf\":{\"@id\":\"https:\\\/\\\/pbjss.edu.lv\\\/preilu-novada-jauno-vieglatletu-starti-sacensibas-maza-balva-2024\\\/\"},\"author\":{\"name\":\"Bjss\",\"@id\":\"https:\\\/\\\/pbjss.edu.lv\\\/#\\\/schema\\\/person\\\/673500925eb2fbb01416cad4a44be9f7\"},\"headline\":\"Prei\u013cu novada jauno vieglatl\u0113tu starti sacens\u012bb\u0101s \u201cMaz\u0101 balva 2024\u201d\",\"datePublished\":\"2024-01-18T13:30:29+00:00\",\"mainEntityOfPage\":{\"@id\":\"https:\\\/\\\/pbjss.edu.lv\\\/preilu-novada-jauno-vieglatletu-starti-sacensibas-maza-balva-2024\\\/\"},\"wordCount\":407,\"image\":{\"@id\":\"https:\\\/\\\/pbjss.edu.lv\\\/preilu-novada-jauno-vieglatletu-starti-sacensibas-maza-balva-2024\\\/#primaryimage\"},\"thumbnailUrl\":\"\",\"articleSection\":[\"Jaunumi\"],\"inLanguage\":\"en-GB\"},{\"@type\":\"WebPage\",\"@id\":\"https:\\\/\\\/pbjss.edu.lv\\\/preilu-novada-jauno-vieglatletu-starti-sacensibas-maza-balva-2024\\\/\",\"url\":\"https:\\\/\\\/pbjss.edu.lv\\\/preilu-novada-jauno-vieglatletu-starti-sacensibas-maza-balva-2024\\\/\",\"name\":\"Prei\u013cu novada jauno vieglatl\u0113tu starti sacens\u012bb\u0101s \u201cMaz\u0101 balva 2024\u201d\",\"isPartOf\":{\"@id\":\"https:\\\/\\\/pbjss.edu.lv\\\/#website\"},\"primaryImageOfPage\":{\"@id\":\"https:\\\/\\\/pbjss.edu.lv\\\/preilu-novada-jauno-vieglatletu-starti-sacensibas-maza-balva-2024\\\/#primaryimage\"},\"image\":{\"@id\":\"https:\\\/\\\/pbjss.edu.lv\\\/preilu-novada-jauno-vieglatletu-starti-sacensibas-maza-balva-2024\\\/#primaryimage\"},\"thumbnailUrl\":\"\",\"datePublished\":\"2024-01-18T13:30:29+00:00\",\"author\":{\"@id\":\"https:\\\/\\\/pbjss.edu.lv\\\/#\\\/schema\\\/person\\\/673500925eb2fbb01416cad4a44be9f7\"},\"breadcrumb\":{\"@id\":\"https:\\\/\\\/pbjss.edu.lv\\\/preilu-novada-jauno-vieglatletu-starti-sacensibas-maza-balva-2024\\\/#breadcrumb\"},\"inLanguage\":\"en-GB\",\"potentialAction\":[{\"@type\":\"ReadAction\",\"target\":[\"https:\\\/\\\/pbjss.edu.lv\\\/preilu-novada-jauno-vieglatletu-starti-sacensibas-maza-balva-2024\\\/\"]}]},{\"@type\":\"ImageObject\",\"inLanguage\":\"en-GB\",\"@id\":\"https:\\\/\\\/pbjss.edu.lv\\\/preilu-novada-jauno-vieglatletu-starti-sacensibas-maza-balva-2024\\\/#primaryimage\",\"url\":\"\",\"contentUrl\":\"\"},{\"@type\":\"BreadcrumbList\",\"@id\":\"https:\\\/\\\/pbjss.edu.lv\\\/preilu-novada-jauno-vieglatletu-starti-sacensibas-maza-balva-2024\\\/#breadcrumb\",\"itemListElement\":[{\"@type\":\"ListItem\",\"position\":1,\"name\":\"Home\",\"item\":\"https:\\\/\\\/pbjss.edu.lv\\\/\"},{\"@type\":\"ListItem\",\"position\":2,\"name\":\"Prei\u013cu novada jauno vieglatl\u0113tu starti sacens\u012bb\u0101s \u201cMaz\u0101 balva 2024\u201d\"}]},{\"@type\":\"WebSite\",\"@id\":\"https:\\\/\\\/pbjss.edu.lv\\\/#website\",\"url\":\"https:\\\/\\\/pbjss.edu.lv\\\/\",\"name\":\"Prei\u013cu novada b\u0113rnu un jaunie\u0161u sporta skola\",\"description\":\"Augst\u0101k, t\u0101l\u0101k, stipr\u0101k!\",\"potentialAction\":[{\"@type\":\"SearchAction\",\"target\":{\"@type\":\"EntryPoint\",\"urlTemplate\":\"https:\\\/\\\/pbjss.edu.lv\\\/?s={search_term_string}\"},\"query-input\":{\"@type\":\"PropertyValueSpecification\",\"valueRequired\":true,\"valueName\":\"search_term_string\"}}],\"inLanguage\":\"en-GB\"},{\"@type\":\"Person\",\"@id\":\"https:\\\/\\\/pbjss.edu.lv\\\/#\\\/schema\\\/person\\\/673500925eb2fbb01416cad4a44be9f7\",\"name\":\"Bjss\",\"image\":{\"@type\":\"ImageObject\",\"inLanguage\":\"en-GB\",\"@id\":\"https:\\\/\\\/secure.gravatar.com\\\/avatar\\\/41520995a420163723678647f92d22a050ef556c35cdb598ea5659b018a440f8?s=96&d=mm&r=g\",\"url\":\"https:\\\/\\\/secure.gravatar.com\\\/avatar\\\/41520995a420163723678647f92d22a050ef556c35cdb598ea5659b018a440f8?s=96&d=mm&r=g\",\"contentUrl\":\"https:\\\/\\\/secure.gravatar.com\\\/avatar\\\/41520995a420163723678647f92d22a050ef556c35cdb598ea5659b018a440f8?s=96&d=mm&r=g\",\"caption\":\"Bjss\"},\"url\":\"https:\\\/\\\/pbjss.edu.lv\\\/en\\\/author\\\/ivars\\\/\"}]}<\/script>\n<!-- \/ Yoast SEO plugin. -->","yoast_head_json":{"title":"Prei\u013cu novada jauno vieglatl\u0113tu starti sacens\u012bb\u0101s \u201cMaz\u0101 balva 2024\u201d","robots":{"index":"index","follow":"follow","max-snippet":"max-snippet:-1","max-image-preview":"max-image-preview:large","max-video-preview":"max-video-preview:-1"},"canonical":"https:\/\/pbjss.edu.lv\/en\/preilu-novada-jauno-vieglatletu-starti-sacensibas-maza-balva-2024\/","og_locale":"en_GB","og_type":"article","og_title":"Prei\u013cu novada jauno vieglatl\u0113tu starti sacens\u012bb\u0101s \u201cMaz\u0101 balva 2024\u201d","og_description":"17.janv\u0101r\u012b Prei\u013cu 2.vidusskolas man\u0113\u017e\u0101 notika Prei\u013cu novada BJSS jauno vieglatl\u0113tu sacens\u012bbas U-12 un U-14 vecuma grup\u0101m 2.posms.1.posms notika 12.decembr\u012b, bet tre\u0161ais posms notiks febru\u0101r\u012b. Sacens\u012bbas paredz\u0113tas jaunajiem vieglatl\u0113tiem, lai p\u0101rbaud\u012btu [&hellip;]","og_url":"https:\/\/pbjss.edu.lv\/en\/preilu-novada-jauno-vieglatletu-starti-sacensibas-maza-balva-2024\/","og_site_name":"Prei\u013cu novada b\u0113rnu un jaunie\u0161u sporta skola","article_publisher":"https:\/\/www.facebook.com\/pbjss\/?eid=ARAe9wQ7MGM0FQFTVX7QEebpfAfe5hv7HvoN-v1Jv13lgtTNi-DDzJx16PrauJn_wRTcN6k13xTyjf4n","article_published_time":"2024-01-18T13:30:29+00:00","author":"Bjss","twitter_card":"summary_large_image","twitter_misc":{"Written by":"Bjss","Estimated reading time":"2 minutes"},"schema":{"@context":"https:\/\/schema.org","@graph":[{"@type":"Article","@id":"https:\/\/pbjss.edu.lv\/preilu-novada-jauno-vieglatletu-starti-sacensibas-maza-balva-2024\/#article","isPartOf":{"@id":"https:\/\/pbjss.edu.lv\/preilu-novada-jauno-vieglatletu-starti-sacensibas-maza-balva-2024\/"},"author":{"name":"Bjss","@id":"https:\/\/pbjss.edu.lv\/#\/schema\/person\/673500925eb2fbb01416cad4a44be9f7"},"headline":"Prei\u013cu novada jauno vieglatl\u0113tu starti sacens\u012bb\u0101s \u201cMaz\u0101 balva 2024\u201d","datePublished":"2024-01-18T13:30:29+00:00","mainEntityOfPage":{"@id":"https:\/\/pbjss.edu.lv\/preilu-novada-jauno-vieglatletu-starti-sacensibas-maza-balva-2024\/"},"wordCount":407,"image":{"@id":"https:\/\/pbjss.edu.lv\/preilu-novada-jauno-vieglatletu-starti-sacensibas-maza-balva-2024\/#primaryimage"},"thumbnailUrl":"","articleSection":["Jaunumi"],"inLanguage":"en-GB"},{"@type":"WebPage","@id":"https:\/\/pbjss.edu.lv\/preilu-novada-jauno-vieglatletu-starti-sacensibas-maza-balva-2024\/","url":"https:\/\/pbjss.edu.lv\/preilu-novada-jauno-vieglatletu-starti-sacensibas-maza-balva-2024\/","name":"Prei\u013cu novada jauno vieglatl\u0113tu starti sacens\u012bb\u0101s \u201cMaz\u0101 balva 2024\u201d","isPartOf":{"@id":"https:\/\/pbjss.edu.lv\/#website"},"primaryImageOfPage":{"@id":"https:\/\/pbjss.edu.lv\/preilu-novada-jauno-vieglatletu-starti-sacensibas-maza-balva-2024\/#primaryimage"},"image":{"@id":"https:\/\/pbjss.edu.lv\/preilu-novada-jauno-vieglatletu-starti-sacensibas-maza-balva-2024\/#primaryimage"},"thumbnailUrl":"","datePublished":"2024-01-18T13:30:29+00:00","author":{"@id":"https:\/\/pbjss.edu.lv\/#\/schema\/person\/673500925eb2fbb01416cad4a44be9f7"},"breadcrumb":{"@id":"https:\/\/pbjss.edu.lv\/preilu-novada-jauno-vieglatletu-starti-sacensibas-maza-balva-2024\/#breadcrumb"},"inLanguage":"en-GB","potentialAction":[{"@type":"ReadAction","target":["https:\/\/pbjss.edu.lv\/preilu-novada-jauno-vieglatletu-starti-sacensibas-maza-balva-2024\/"]}]},{"@type":"ImageObject","inLanguage":"en-GB","@id":"https:\/\/pbjss.edu.lv\/preilu-novada-jauno-vieglatletu-starti-sacensibas-maza-balva-2024\/#primaryimage","url":"","contentUrl":""},{"@type":"BreadcrumbList","@id":"https:\/\/pbjss.edu.lv\/preilu-novada-jauno-vieglatletu-starti-sacensibas-maza-balva-2024\/#breadcrumb","itemListElement":[{"@type":"ListItem","position":1,"name":"Home","item":"https:\/\/pbjss.edu.lv\/"},{"@type":"ListItem","position":2,"name":"Prei\u013cu novada jauno vieglatl\u0113tu starti sacens\u012bb\u0101s \u201cMaz\u0101 balva 2024\u201d"}]},{"@type":"WebSite","@id":"https:\/\/pbjss.edu.lv\/#website","url":"https:\/\/pbjss.edu.lv\/","name":"Prei\u013cu novada b\u0113rnu un jaunie\u0161u sporta skola","description":"Augst\u0101k, t\u0101l\u0101k, stipr\u0101k!","potentialAction":[{"@type":"SearchAction","target":{"@type":"EntryPoint","urlTemplate":"https:\/\/pbjss.edu.lv\/?s={search_term_string}"},"query-input":{"@type":"PropertyValueSpecification","valueRequired":true,"valueName":"search_term_string"}}],"inLanguage":"en-GB"},{"@type":"Person","@id":"https:\/\/pbjss.edu.lv\/#\/schema\/person\/673500925eb2fbb01416cad4a44be9f7","name":"Bjss","image":{"@type":"ImageObject","inLanguage":"en-GB","@id":"https:\/\/secure.gravatar.com\/avatar\/41520995a420163723678647f92d22a050ef556c35cdb598ea5659b018a440f8?s=96&d=mm&r=g","url":"https:\/\/secure.gravatar.com\/avatar\/41520995a420163723678647f92d22a050ef556c35cdb598ea5659b018a440f8?s=96&d=mm&r=g","contentUrl":"https:\/\/secure.gravatar.com\/avatar\/41520995a420163723678647f92d22a050ef556c35cdb598ea5659b018a440f8?s=96&d=mm&r=g","caption":"Bjss"},"url":"https:\/\/pbjss.edu.lv\/en\/author\/ivars\/"}]}},"_links":{"self":[{"href":"https:\/\/pbjss.edu.lv\/en\/wp-json\/wp\/v2\/posts\/12658","targetHints":{"allow":["GET"]}}],"collection":[{"href":"https:\/\/pbjss.edu.lv\/en\/wp-json\/wp\/v2\/posts"}],"about":[{"href":"https:\/\/pbjss.edu.lv\/en\/wp-json\/wp\/v2\/types\/post"}],"author":[{"embeddable":true,"href":"https:\/\/pbjss.edu.lv\/en\/wp-json\/wp\/v2\/users\/2"}],"replies":[{"embeddable":true,"href":"https:\/\/pbjss.edu.lv\/en\/wp-json\/wp\/v2\/comments?post=12658"}],"version-history":[{"count":0,"href":"https:\/\/pbjss.edu.lv\/en\/wp-json\/wp\/v2\/posts\/12658\/revisions"}],"wp:featuredmedia":[{"embeddable":true,"href":"https:\/\/pbjss.edu.lv\/en\/wp-json\/"}],"wp:attachment":[{"href":"https:\/\/pbjss.edu.lv\/en\/wp-json\/wp\/v2\/media?parent=12658"}],"wp:term":[{"taxonomy":"category","embeddable":true,"href":"https:\/\/pbjss.edu.lv\/en\/wp-json\/wp\/v2\/categories?post=12658"},{"taxonomy":"post_tag","embeddable":true,"href":"https:\/\/pbjss.edu.lv\/en\/wp-json\/wp\/v2\/tags?post=12658"}],"curies":[{"name":"wp","href":"https:\/\/api.w.org\/{rel}","templated":true}]}}